{"id":4400,"date":"2009-09-14T10:12:12","date_gmt":"2009-09-14T08:12:12","guid":{"rendered":"http:\/\/www.stanetdam.com\/si-hortefeux-parait-raciste-cest-bien-sur-a-cause-dinternet\/"},"modified":"2009-09-14T10:12:12","modified_gmt":"2009-09-14T08:12:12","slug":"si-hortefeux-parait-raciste-cest-bien-sur-a-cause-dinternet","status":"publish","type":"post","link":"https:\/\/stanetdam.com\/?p=4400","title":{"rendered":"Si Hortefeux para\u00eet raciste, c&rsquo;est bien s\u00fbr \u00e0 cause d&rsquo;Internet"},"content":{"rendered":"<p>Stan&amp;Dam vous propose d\u00e9sormais de suivre leur lifestream. Il s\u2019agit de mettre en avant des informations int\u00e9ressantes vues sur le web, et de les faire partager \u00e0 la communaut\u00e9 du site S&amp;D. Stan a remarqu\u00e9 dans ses flux RSS le sujet suivant :<\/p>\n<p><span><\/p>\n<p> Le gouvernement a encore du mal \u00e0 accepter qu&rsquo;Internet est un m\u00e9dia \u00e0 part enti\u00e8re. Puisque la vid\u00e9o de Brice Hortefeux qui fait pol\u00e9mique a d&rsquo;abord circul\u00e9 sur Internet, des ministres font du r\u00e9seau la cause du probl\u00e8me, et l&rsquo;opposent au s\u00e9rieux des m\u00e9dias traditionnels. <\/p>\n<p><\/span><br \/>\nLire l&rsquo;article original ici:<br \/>\n<a target=\"_blank\" href=\"http:\/\/www.numerama.com\/magazine\/13900-si-hortefeux-parait-raciste-c-est-bien-sur-a-cause-d-internet.html\" title=\"Si Hortefeux para\u00eet raciste, c'est bien s\u00fbr \u00e0 cause d'Internet\" rel=\"noopener noreferrer\">Si Hortefeux para\u00eet raciste, c&rsquo;est bien s\u00fbr \u00e0 cause d&rsquo;Internet<\/a><\/p>\n<div id=\"themify_builder_content-4400\" data-postid=\"4400\" class=\"themify_builder_content themify_builder_content-4400 themify_builder\">\n    <\/div>\n<!-- \/themify_builder_content -->\n","protected":false},"excerpt":{"rendered":"<p> Le gouvernement a encore du mal \u00e0 accepter qu&rsquo;Internet est un m\u00e9dia \u00e0 part enti\u00e8re. Puisque la vid\u00e9o de Brice Hortefeux qui fait pol\u00e9mique a d&rsquo;abord circul\u00e9 sur Internet, des ministres font du r\u00e9seau la cause du probl\u00e8me, et l&rsquo;opposent au s\u00e9rieux des m\u00e9dias traditionnels. <\/p>\n","protected":false},"author":2,"featured_media":0,"comment_status":"open","ping_status":"open","sticky":false,"template":"","format":"standard","meta":{"footnotes":""},"categories":[6],"tags":[1589,1617,2222,3192,3591],"class_list":["post-4400","post","type-post","status-publish","format-standard","hentry","category-liens-automatiques","tag-google","tag-google-reader","tag-lifestream","tag-reader","tag-stan","has-post-title","has-post-date","has-post-category","has-post-tag","has-post-comment","has-post-author",""],"builder_content":"","_links":{"self":[{"href":"https:\/\/stanetdam.com\/index.php?rest_route=\/wp\/v2\/posts\/4400","targetHints":{"allow":["GET"]}}],"collection":[{"href":"https:\/\/stanetdam.com\/index.php?rest_route=\/wp\/v2\/posts"}],"about":[{"href":"https:\/\/stanetdam.com\/index.php?rest_route=\/wp\/v2\/types\/post"}],"author":[{"embeddable":true,"href":"https:\/\/stanetdam.com\/index.php?rest_route=\/wp\/v2\/users\/2"}],"replies":[{"embeddable":true,"href":"https:\/\/stanetdam.com\/index.php?rest_route=%2Fwp%2Fv2%2Fcomments&post=4400"}],"version-history":[{"count":0,"href":"https:\/\/stanetdam.com\/index.php?rest_route=\/wp\/v2\/posts\/4400\/revisions"}],"wp:attachment":[{"href":"https:\/\/stanetdam.com\/index.php?rest_route=%2Fwp%2Fv2%2Fmedia&parent=4400"}],"wp:term":[{"taxonomy":"category","embeddable":true,"href":"https:\/\/stanetdam.com\/index.php?rest_route=%2Fwp%2Fv2%2Fcategories&post=4400"},{"taxonomy":"post_tag","embeddable":true,"href":"https:\/\/stanetdam.com\/index.php?rest_route=%2Fwp%2Fv2%2Ftags&post=4400"}],"curies":[{"name":"wp","href":"https:\/\/api.w.org\/{rel}","templated":true}]}}