{"id":4281,"date":"2009-09-02T06:00:00","date_gmt":"2009-09-02T04:00:00","guid":{"rendered":"http:\/\/www.stanetdam.com\/un-clavier-virtuel-taille-pour-un-ecran-tactile-sous-snow-leopard\/"},"modified":"2009-09-02T06:00:00","modified_gmt":"2009-09-02T04:00:00","slug":"un-clavier-virtuel-taille-pour-un-ecran-tactile-sous-snow-leopard","status":"publish","type":"post","link":"https:\/\/stanetdam.com\/?p=4281","title":{"rendered":"Un clavier virtuel taill\u00e9 pour un \u00e9cran tactile sous Snow Leopard ?"},"content":{"rendered":"<p>Stan&amp;Dam vous propose d\u00e9sormais de suivre leur lifestream. Il s\u2019agit de mettre en avant des informations int\u00e9ressantes vues sur le web, et de les faire partager \u00e0 la communaut\u00e9 du site S&amp;D. Stan a remarqu\u00e9 dans ses flux RSS le sujet suivant :<\/p>\n<p><span><\/p>\n<p> 9to5mac \u00a0a fait une d\u00e9couverte qui devrait ravir ceux qui attendent avec impatience un Mac dot\u00e9 d&#39;un \u00e9cran tactile, ou la fameuse Mac Tablet.\u00a0 Il est maintenant possible d&#39;afficher \u00e0 l&#39;\u00e9cran un clavier virtuel comme c&#39;\u00e9tait d\u00e9j\u00e0 le cas sur les pr\u00e9c\u00e9dentes version de Mac OS, mais il est maintenant possible de le dimensionner \u00e0 la taille de l&#39;\u00e9cran, ce qui permettrait enfin de pouvoir l&#39;utiliser avec une interface tactile. Si vous voulez l&#39;essayer, il suffit d&#39;aller dans le pr\u00e9f\u00e9rences clavier, de cocher &quot;Afficher le visualiseur clavier et caract\u00e8res dans la barre des menus&quot;, puis de cliquer dans le menu apparu sur &quot;Afficher visualiser de clavier&quot;. Le nouveau rev\u00eatement de l&#39;\u00e9cran des iPhone 3GS qui \u00e9vite qu&#39;il se salisse et aide \u00e0 le nettoyer nous a presque convaincu qu&#39;il serait envisageable de passer don temps \u00e0 toucher son moniteur. <\/p>\n<p><img decoding=\"async\" src=\"http:\/\/www.stanetdam.com\/cochclav1.jpg.jpg\" \/><\/p>\n<p><\/span><br \/>\nLire l&rsquo;article original ici:<br \/>\n<a target=\"_blank\" href=\"http:\/\/feeds.macbidouille.com\/~r\/macbidouille\/~3\/XDsb-EwpOFI\/un-clavier-virtuel-taille-pour-un-ecran-tactile-sous-snow-leopard\" title=\"Un clavier virtuel taill\u00e9 pour un \u00e9cran tactile sous Snow Leopard ?\" rel=\"noopener noreferrer\">Un clavier virtuel taill\u00e9 pour un \u00e9cran tactile sous Snow Leopard ?<\/a><\/p>\n<div id=\"themify_builder_content-4281\" data-postid=\"4281\" class=\"themify_builder_content themify_builder_content-4281 themify_builder\">\n    <\/div>\n<!-- \/themify_builder_content -->\n","protected":false},"excerpt":{"rendered":"<p> 9to5mac \u00a0a fait une d\u00e9couverte qui devrait ravir ceux qui attendent avec impatience un Mac dot\u00e9 d&#39;un \u00e9cran tactile, ou la fameuse Mac Tablet.\u00a0 Il est maintenant possible d&#39;afficher \u00e0 l&#39;\u00e9cran un clavier virtuel comme c&#39;\u00e9tait d\u00e9j\u00e0 le cas sur les pr\u00e9c\u00e9dentes version de Mac OS, mais il est maintenant possible de le dimensionner \u00e0 la taille de l&#39;\u00e9cran, ce qui permettrait enfin de pouvoir l&#39;utiliser avec une interface tactile. Si vous voulez l&#39;essayer, il suffit d&#39;aller dans le pr\u00e9f\u00e9rences clavier, de cocher &quot;Afficher le visualiseur clavier et caract\u00e8res dans la barre des menus&quot;, puis de cliquer dans le menu apparu sur &quot;Afficher visualiser de clavier&quot;. Le nouveau rev\u00eatement de l&#39;\u00e9cran des iPhone 3GS qui \u00e9vite qu&#39;il se salisse et aide \u00e0 le nettoyer nous a presque convaincu qu&#39;il serait envisageable de passer don temps \u00e0 toucher son moniteur. <\/p>\n","protected":false},"author":2,"featured_media":0,"comment_status":"open","ping_status":"open","sticky":false,"template":"","format":"standard","meta":{"footnotes":""},"categories":[6],"tags":[1589,2222,3192,3591,4015],"class_list":["post-4281","post","type-post","status-publish","format-standard","hentry","category-liens-automatiques","tag-google","tag-lifestream","tag-reader","tag-stan","tag-veille","has-post-title","has-post-date","has-post-category","has-post-tag","has-post-comment","has-post-author",""],"builder_content":"","_links":{"self":[{"href":"https:\/\/stanetdam.com\/index.php?rest_route=\/wp\/v2\/posts\/4281","targetHints":{"allow":["GET"]}}],"collection":[{"href":"https:\/\/stanetdam.com\/index.php?rest_route=\/wp\/v2\/posts"}],"about":[{"href":"https:\/\/stanetdam.com\/index.php?rest_route=\/wp\/v2\/types\/post"}],"author":[{"embeddable":true,"href":"https:\/\/stanetdam.com\/index.php?rest_route=\/wp\/v2\/users\/2"}],"replies":[{"embeddable":true,"href":"https:\/\/stanetdam.com\/index.php?rest_route=%2Fwp%2Fv2%2Fcomments&post=4281"}],"version-history":[{"count":0,"href":"https:\/\/stanetdam.com\/index.php?rest_route=\/wp\/v2\/posts\/4281\/revisions"}],"wp:attachment":[{"href":"https:\/\/stanetdam.com\/index.php?rest_route=%2Fwp%2Fv2%2Fmedia&parent=4281"}],"wp:term":[{"taxonomy":"category","embeddable":true,"href":"https:\/\/stanetdam.com\/index.php?rest_route=%2Fwp%2Fv2%2Fcategories&post=4281"},{"taxonomy":"post_tag","embeddable":true,"href":"https:\/\/stanetdam.com\/index.php?rest_route=%2Fwp%2Fv2%2Ftags&post=4281"}],"curies":[{"name":"wp","href":"https:\/\/api.w.org\/{rel}","templated":true}]}}