{"id":4262,"date":"2009-08-27T09:57:49","date_gmt":"2009-08-27T07:57:49","guid":{"rendered":"http:\/\/www.stanetdam.com\/web-tf1-se-fait-betement-pieger-par-des-cybersquatteurs\/"},"modified":"2009-08-27T09:57:49","modified_gmt":"2009-08-27T07:57:49","slug":"web-tf1-se-fait-betement-pieger-par-des-cybersquatteurs","status":"publish","type":"post","link":"https:\/\/stanetdam.com\/?p=4262","title":{"rendered":"Web : TF1 se fait b\u00eatement pi\u00e9ger par des cybersquatteurs"},"content":{"rendered":"<p>Stan&amp;Dam vous propose d\u00e9sormais de suivre leur lifestream. Il s\u2019agit de mettre en avant des informations int\u00e9ressantes vues sur le web, et de les faire partager \u00e0 la communaut\u00e9 du site S&amp;D. Stan a remarqu\u00e9 dans ses flux RSS le sujet suivant :<\/p>\n<p><span><\/p>\n<p> En indiquant \u00e0 la presse que la chaine LCI prendra le nom de \u201cTF1 news\u201d en octobre, Catherine Nayl, directrice de l\u2019information, n\u2019avait pas pens\u00e9 aux noms de domaine\u2026 C\u2019est une erreur de d\u00e9butant que vient de faire TF1. Dans une d\u00e9p\u00eache AFP diffus\u00e9e hier, Catherine Nayl, directrice de l\u2019information de LCI, indique que cette chaine changera de nom en octobre pour devenir \u201cTF1 News\u201d. Jusque la, rien d\u2019anormal. Sauf que des petits malins sp\u00e9cialistes du web, ont pens\u00e9 \u00e0 v\u00e9rifier si les adresses Internet \u00e9taient d\u00e9pos\u00e9es. <\/p>\n<p><img decoding=\"async\" src=\"http:\/\/www.stanetdam.com\/mf1.gif\" \/><\/p>\n<p><\/span><br \/>\nLire l&rsquo;article original ici:<br \/>\n<a target=\"_blank\" href=\"http:\/\/feedproxy.google.com\/~r\/inquirerFRRss\/~3\/7C1ciTgi25w\/story01.htm\" title=\"Web : TF1 se fait b\u00eatement pi\u00e9ger par des cybersquatteurs\" rel=\"noopener noreferrer\">Web : TF1 se fait b\u00eatement pi\u00e9ger par des cybersquatteurs<\/a><\/p>\n<div id=\"themify_builder_content-4262\" data-postid=\"4262\" class=\"themify_builder_content themify_builder_content-4262 themify_builder\">\n    <\/div>\n<!-- \/themify_builder_content -->\n","protected":false},"excerpt":{"rendered":"<p> En indiquant \u00e0 la presse que la chaine LCI prendra le nom de \u201cTF1 news\u201d en octobre, Catherine Nayl, directrice de l\u2019information, n\u2019avait pas pens\u00e9 aux noms de domaine\u2026 C\u2019est une erreur de d\u00e9butant que vient de faire TF1. Dans une d\u00e9p\u00eache AFP diffus\u00e9e hier, Catherine Nayl, directrice de l\u2019information de LCI, indique que cette chaine changera de nom en octobre pour devenir \u201cTF1 News\u201d. Jusque la, rien d\u2019anormal. Sauf que des petits malins sp\u00e9cialistes du web, ont pens\u00e9 \u00e0 v\u00e9rifier si les adresses Internet \u00e9taient d\u00e9pos\u00e9es. <\/p>\n","protected":false},"author":2,"featured_media":0,"comment_status":"open","ping_status":"open","sticky":false,"template":"","format":"standard","meta":{"footnotes":""},"categories":[6],"tags":[1589,2222,3192,3591,4015],"class_list":["post-4262","post","type-post","status-publish","format-standard","hentry","category-liens-automatiques","tag-google","tag-lifestream","tag-reader","tag-stan","tag-veille","has-post-title","has-post-date","has-post-category","has-post-tag","has-post-comment","has-post-author",""],"builder_content":"","_links":{"self":[{"href":"https:\/\/stanetdam.com\/index.php?rest_route=\/wp\/v2\/posts\/4262","targetHints":{"allow":["GET"]}}],"collection":[{"href":"https:\/\/stanetdam.com\/index.php?rest_route=\/wp\/v2\/posts"}],"about":[{"href":"https:\/\/stanetdam.com\/index.php?rest_route=\/wp\/v2\/types\/post"}],"author":[{"embeddable":true,"href":"https:\/\/stanetdam.com\/index.php?rest_route=\/wp\/v2\/users\/2"}],"replies":[{"embeddable":true,"href":"https:\/\/stanetdam.com\/index.php?rest_route=%2Fwp%2Fv2%2Fcomments&post=4262"}],"version-history":[{"count":0,"href":"https:\/\/stanetdam.com\/index.php?rest_route=\/wp\/v2\/posts\/4262\/revisions"}],"wp:attachment":[{"href":"https:\/\/stanetdam.com\/index.php?rest_route=%2Fwp%2Fv2%2Fmedia&parent=4262"}],"wp:term":[{"taxonomy":"category","embeddable":true,"href":"https:\/\/stanetdam.com\/index.php?rest_route=%2Fwp%2Fv2%2Fcategories&post=4262"},{"taxonomy":"post_tag","embeddable":true,"href":"https:\/\/stanetdam.com\/index.php?rest_route=%2Fwp%2Fv2%2Ftags&post=4262"}],"curies":[{"name":"wp","href":"https:\/\/api.w.org\/{rel}","templated":true}]}}