{"id":4255,"date":"2009-08-26T17:14:49","date_gmt":"2009-08-26T15:14:49","guid":{"rendered":"http:\/\/www.stanetdam.com\/orange-interdit-dantennes-dans-le-13-eme-arrondissement-de-paris\/"},"modified":"2009-08-26T17:14:49","modified_gmt":"2009-08-26T15:14:49","slug":"orange-interdit-dantennes-dans-le-13-eme-arrondissement-de-paris","status":"publish","type":"post","link":"https:\/\/stanetdam.com\/?p=4255","title":{"rendered":"Orange interdit d&rsquo;antennes dans le 13 \u00e8me arrondissement de Paris"},"content":{"rendered":"<p>Stan&amp;Dam vous propose d\u00e9sormais de suivre leur lifestream. Il s\u2019agit de mettre en avant des informations int\u00e9ressantes vues sur le web, et de les faire partager \u00e0 la communaut\u00e9 du site S&amp;D. Stan a remarqu\u00e9 dans ses flux RSS le sujet suivant :<\/p>\n<p><span><\/p>\n<p> Shared by stanthewizard On va faire comment pour t\u00e9l\u00e9phoner maintenant ? L&rsquo;op\u00e9rateur Orange peut remballer les deux antennes relais de 2 m\u00e8tres de haut qu&rsquo;il pr\u00e9voyait d&rsquo;\u00e9riger sur un immeuble du 13e arrondissement de Paris, (&#8230;)&#8230;<\/p>\n<p><\/span><br \/>\nLire l&rsquo;article original ici:<br \/>\n<a target=\"_blank\" href=\"http:\/\/rss.feedsportal.com\/c\/707\/f\/9951\/s\/5dab107\/l\/0L0Sreseaux0Etelecoms0Bnet0Cactualites0Clire0Eorange0Einterdit0Ed0Eantennes0Edans0Ele0E130Eeme0Earrondissement0Ede0Eparis0E20A7370Bhtml\/story01.htm\" title=\"Orange interdit d&#39;antennes dans le 13 \u00e8me arrondissement de Paris\" rel=\"noopener noreferrer\">Orange interdit d&#39;antennes dans le 13 \u00e8me arrondissement de Paris<\/a><\/p>\n<div id=\"themify_builder_content-4255\" data-postid=\"4255\" class=\"themify_builder_content themify_builder_content-4255 themify_builder\">\n    <\/div>\n<!-- \/themify_builder_content -->\n","protected":false},"excerpt":{"rendered":"<p> Shared by stanthewizard On va faire comment pour t\u00e9l\u00e9phoner maintenant ? L&rsquo;op\u00e9rateur Orange peut remballer les deux antennes relais de 2 m\u00e8tres de haut qu&rsquo;il pr\u00e9voyait d&rsquo;\u00e9riger sur un immeuble du 13e arrondissement de Paris, (&#8230;)&#8230;<\/p>\n","protected":false},"author":2,"featured_media":0,"comment_status":"open","ping_status":"open","sticky":false,"template":"","format":"standard","meta":{"footnotes":""},"categories":[6],"tags":[3591,4015],"class_list":["post-4255","post","type-post","status-publish","format-standard","hentry","category-liens-automatiques","tag-stan","tag-veille","has-post-title","has-post-date","has-post-category","has-post-tag","has-post-comment","has-post-author",""],"builder_content":"","_links":{"self":[{"href":"https:\/\/stanetdam.com\/index.php?rest_route=\/wp\/v2\/posts\/4255","targetHints":{"allow":["GET"]}}],"collection":[{"href":"https:\/\/stanetdam.com\/index.php?rest_route=\/wp\/v2\/posts"}],"about":[{"href":"https:\/\/stanetdam.com\/index.php?rest_route=\/wp\/v2\/types\/post"}],"author":[{"embeddable":true,"href":"https:\/\/stanetdam.com\/index.php?rest_route=\/wp\/v2\/users\/2"}],"replies":[{"embeddable":true,"href":"https:\/\/stanetdam.com\/index.php?rest_route=%2Fwp%2Fv2%2Fcomments&post=4255"}],"version-history":[{"count":0,"href":"https:\/\/stanetdam.com\/index.php?rest_route=\/wp\/v2\/posts\/4255\/revisions"}],"wp:attachment":[{"href":"https:\/\/stanetdam.com\/index.php?rest_route=%2Fwp%2Fv2%2Fmedia&parent=4255"}],"wp:term":[{"taxonomy":"category","embeddable":true,"href":"https:\/\/stanetdam.com\/index.php?rest_route=%2Fwp%2Fv2%2Fcategories&post=4255"},{"taxonomy":"post_tag","embeddable":true,"href":"https:\/\/stanetdam.com\/index.php?rest_route=%2Fwp%2Fv2%2Ftags&post=4255"}],"curies":[{"name":"wp","href":"https:\/\/api.w.org\/{rel}","templated":true}]}}