{"id":425,"date":"2008-03-09T16:13:34","date_gmt":"2008-03-09T15:13:34","guid":{"rendered":"http:\/\/www.stanetdam.com\/facebook-en-francais-cest-fait-merci-le-crowdsourcing\/"},"modified":"2008-03-09T16:13:34","modified_gmt":"2008-03-09T15:13:34","slug":"facebook-en-francais-cest-fait-merci-le-crowdsourcing","status":"publish","type":"post","link":"https:\/\/stanetdam.com\/?p=425","title":{"rendered":"Facebook en fran\u00e7ais, c&rsquo;est fait : merci le \u00ab\u00a0crowdsourcing\u00a0\u00bb !"},"content":{"rendered":"<p><img loading=\"lazy\" decoding=\"async\" src=\"http:\/\/www.stanetdam.com\/wp-content\/uploads\/n656612643_184476_438c.gif\" alt=\"n656612643_184476_438c.gif\" title=\"n656612643_184476_438c.gif\" align=\"left\" border=\"0\" height=\"127\" width=\"102\" \/>\u00ab\u00a0Facebook est un r\u00e9seau social qui vous relie \u00e0 ceux qui comptent pour vous.\u00a0\u00bbSi vous lisez cela en fran\u00e7ais sur le site de Facebook, ne craignez rien : nous contr\u00f4lons les horizontales et les verticales de votre butineur web&#8230;<\/p>\n<p>En fait, Facebook est enfin en fran\u00e7ais ! Mais aussi en espagnol et en allemand. On va enfin se <a href=\"http:\/\/www.stanetdam.com\/facebook-comment-dit-on-poker-en-francais\/\">coucouter<\/a> en VF ! Ah non, se \u00ab\u00a0poker\u00a0\u00bb finalement&#8230;<\/p>\n<p>Pour passer \u00e0 la VF, <span class=\"Apple-style-span\" style=\"font-weight: bold\">il vous faut choisir la langue sur la page d&rsquo;accueil<\/span> (avant de s&rsquo;identifier) de Facebook en haut \u00e0 droite, ou bien une fois identifi\u00e9 <span class=\"Apple-style-span\" style=\"font-weight: bold\">dans la rubrique \u00ab\u00a0compte\u00a0\u00bb<\/span> en haut \u00e0 droite.<\/p>\n<h3><span class=\"Apple-style-span\" style=\"font-size: 16px; font-weight: normal\">M<\/span>ais comment ont-ils fait ?<\/h3>\n<p>Pour aller au plus vite, Facebook a fait appel \u00e0 la \u00ab\u00a0main d&rsquo;oeuvre communautaire\u00a0\u00bb d\u00e9nomm\u00e9e \u00ab\u00a0crowdsourcing\u00a0\u00bb. En clair, <strong>vous faites le boulot pour rien<\/strong> (si ce n&rsquo;est la gloire d&rsquo;avoir particip\u00e9 \u00e0 une oeuvre collective \u00ab\u00a0majeure\u00a0\u00bb), vous d\u00e9blayez 80% du boulot et la soci\u00e9t\u00e9 (Facebook, Google, Amazon, la ptite start-up&#8230;) finalise.<\/p>\n<p>Comme je l&rsquo;ai \u00e9cris lors de l&rsquo;<a href=\"http:\/\/fr.mashable.com\/2008\/01\/27\/le-%c2%ab-crowdsourcing-%c2%bb-la-communaute-des-benevoles-du-quotidien\/\">Open Week Mashable<\/a>, le proc\u00e9d\u00e9 ne me d\u00e9range absolument pas, d\u00e8s lors que cette <strong>sous-traitance bas\u00e9e sur le volontariat est <\/strong>utilis\u00e9e par des gens qui en ont vraiment besoin (une petite boite qui d\u00e9bute, ou la localisation d&rsquo;un logiciel open source&#8230;). Mais utiliser la cr\u00e9ativit\u00e9, l\u2019intelligence et le savoir-faire gratuitement au profit de multinationales plut\u00f4t bien valoris\u00e9es en bourse, je grince plus des dents&#8230;<\/p>\n<p>Certes, <a href=\"http:\/\/www.01net.com\/editorial\/370759\/comment-une-armee-de-benevoles-traduit-facebook-en-francais\/\">aider la communaut\u00e9<\/a> (et je suis le premier \u00e0 le faire) se fait sans contrepartie, mais c&rsquo;est oublier l&rsquo;impact potentiel sur le \u00ab\u00a0vrai\u00a0\u00bb monde du travail.Quoiqu&rsquo;il en soit, n&rsquo;h\u00e9sitez pas \u00e0 le me laisser un message sur mon \u00ab\u00a0Mur\u00a0\u00bb, juste en dessous de mon \u00ab\u00a0Mini-News\u00a0\u00bb,  afin que je vous \u00ab\u00a0ajoute \u00e0 mes amis\u00a0\u00bb \ud83d\ude42<\/p>\n<p>PS  : vous croyez que Facebook va d\u00e9sormais \u00eatre envahi par les skyblogueurs ?<\/p>\n<div id=\"themify_builder_content-425\" data-postid=\"425\" class=\"themify_builder_content themify_builder_content-425 themify_builder\">\n    <\/div>\n<!-- \/themify_builder_content -->\n","protected":false},"excerpt":{"rendered":"<p>\u00ab\u00a0Facebook est un r\u00e9seau social qui vous relie \u00e0 ceux qui comptent pour vous.\u00a0\u00bbSi vous lisez cela en fran\u00e7ais sur le site de Facebook, ne craignez rien : nous contr\u00f4lons les horizontales et les verticales de votre butineur web&#8230; En fait, Facebook est enfin en fran\u00e7ais ! Mais aussi en espagnol et en allemand. On [&hellip;]<\/p>\n","protected":false},"author":3,"featured_media":0,"comment_status":"open","ping_status":"open","sticky":false,"template":"","format":"standard","meta":{"footnotes":""},"categories":[3],"tags":[923,1295,1427,3242,3885],"class_list":["post-425","post","type-post","status-publish","format-standard","hentry","category-sd-usages","tag-crowdsourcing","tag-facebook","tag-francais","tag-reseaux-sociaux","tag-traduction","has-post-title","has-post-date","has-post-category","has-post-tag","has-post-comment","has-post-author",""],"builder_content":"","_links":{"self":[{"href":"https:\/\/stanetdam.com\/index.php?rest_route=\/wp\/v2\/posts\/425","targetHints":{"allow":["GET"]}}],"collection":[{"href":"https:\/\/stanetdam.com\/index.php?rest_route=\/wp\/v2\/posts"}],"about":[{"href":"https:\/\/stanetdam.com\/index.php?rest_route=\/wp\/v2\/types\/post"}],"author":[{"embeddable":true,"href":"https:\/\/stanetdam.com\/index.php?rest_route=\/wp\/v2\/users\/3"}],"replies":[{"embeddable":true,"href":"https:\/\/stanetdam.com\/index.php?rest_route=%2Fwp%2Fv2%2Fcomments&post=425"}],"version-history":[{"count":0,"href":"https:\/\/stanetdam.com\/index.php?rest_route=\/wp\/v2\/posts\/425\/revisions"}],"wp:attachment":[{"href":"https:\/\/stanetdam.com\/index.php?rest_route=%2Fwp%2Fv2%2Fmedia&parent=425"}],"wp:term":[{"taxonomy":"category","embeddable":true,"href":"https:\/\/stanetdam.com\/index.php?rest_route=%2Fwp%2Fv2%2Fcategories&post=425"},{"taxonomy":"post_tag","embeddable":true,"href":"https:\/\/stanetdam.com\/index.php?rest_route=%2Fwp%2Fv2%2Ftags&post=425"}],"curies":[{"name":"wp","href":"https:\/\/api.w.org\/{rel}","templated":true}]}}