{"id":4241,"date":"2009-08-25T11:00:39","date_gmt":"2009-08-25T09:00:39","guid":{"rendered":"http:\/\/www.stanetdam.com\/frederic-lefebvre-secretaire-detat-a-la-consommation\/"},"modified":"2009-08-25T11:00:39","modified_gmt":"2009-08-25T09:00:39","slug":"frederic-lefebvre-secretaire-detat-a-la-consommation","status":"publish","type":"post","link":"https:\/\/stanetdam.com\/?p=4241","title":{"rendered":"Fr\u00e9d\u00e9ric Lefebvre secr\u00e9taire d&rsquo;Etat \u00e0 la Consommation ?"},"content":{"rendered":"<p>Stan&#038;Dam vous propose d\u00e9sormais de suivre leur lifestream. Il s\u2019agit de mettre en avant des informations int\u00e9ressantes vues sur le web, et de les faire partager \u00e0 la communaut\u00e9 du site S&#038;D. Stan a remarqu\u00e9 dans ses flux RSS le sujet suivant :<\/p>\n<p><span style=\"font-style: italic; color: rgb(153, 153, 153);\"><\/p>\n<p> C&rsquo;est finalement un r\u00f4le qui lui irait beaucoup mieux. Partisan d&rsquo;une vision essentiellement commerciale d&rsquo;Internet, Fr\u00e9d\u00e9ric Lefebvre ne devrait pas \u00eatre secr\u00e9taire d&rsquo;Etat \u00e0 la Communication, comme il avait \u00e9t\u00e9 fortement question. Selon la presse quotidienne, il pourrait \u00eatre nomm\u00e9 aujourd&rsquo;hui \u00e0 la Consommation, aupr\u00e8s de Herv\u00e9 Novelli. [Lire la suite] <\/p>\n<p><\/span><br \/>\nLire l&rsquo;article original ici:<br \/>\n<a target=\"_blank\" href=\"http:\/\/www.numerama.com\/magazine\/13734-Frederic-Lefebvre-secretaire-d-Etat-a-la-Consommation.html\" title=\"Fr\u00e9d\u00e9ric Lefebvre secr\u00e9taire d'Etat \u00e0 la Consommation ?\" rel=\"noopener noreferrer\">Fr\u00e9d\u00e9ric Lefebvre secr\u00e9taire d&rsquo;Etat \u00e0 la Consommation ?<\/a><\/p>\n<div id=\"themify_builder_content-4241\" data-postid=\"4241\" class=\"themify_builder_content themify_builder_content-4241 themify_builder\">\n    <\/div>\n<!-- \/themify_builder_content -->\n","protected":false},"excerpt":{"rendered":"<p> C&rsquo;est finalement un r\u00f4le qui lui irait beaucoup mieux. Partisan d&rsquo;une vision essentiellement commerciale d&rsquo;Internet, Fr\u00e9d\u00e9ric Lefebvre ne devrait pas \u00eatre secr\u00e9taire d&rsquo;Etat \u00e0 la Communication, comme il avait \u00e9t\u00e9 fortement question. Selon la presse quotidienne, il pourrait \u00eatre nomm\u00e9 aujourd&rsquo;hui \u00e0 la Consommation, aupr\u00e8s de Herv\u00e9 Novelli. [Lire la suite] <\/p>\n","protected":false},"author":2,"featured_media":0,"comment_status":"open","ping_status":"open","sticky":false,"template":"","format":"standard","meta":{"footnotes":""},"categories":[6],"tags":[1589,2222,3192,3591],"class_list":["post-4241","post","type-post","status-publish","format-standard","hentry","category-liens-automatiques","tag-google","tag-lifestream","tag-reader","tag-stan","has-post-title","has-post-date","has-post-category","has-post-tag","has-post-comment","has-post-author",""],"builder_content":"","_links":{"self":[{"href":"https:\/\/stanetdam.com\/index.php?rest_route=\/wp\/v2\/posts\/4241","targetHints":{"allow":["GET"]}}],"collection":[{"href":"https:\/\/stanetdam.com\/index.php?rest_route=\/wp\/v2\/posts"}],"about":[{"href":"https:\/\/stanetdam.com\/index.php?rest_route=\/wp\/v2\/types\/post"}],"author":[{"embeddable":true,"href":"https:\/\/stanetdam.com\/index.php?rest_route=\/wp\/v2\/users\/2"}],"replies":[{"embeddable":true,"href":"https:\/\/stanetdam.com\/index.php?rest_route=%2Fwp%2Fv2%2Fcomments&post=4241"}],"version-history":[{"count":0,"href":"https:\/\/stanetdam.com\/index.php?rest_route=\/wp\/v2\/posts\/4241\/revisions"}],"wp:attachment":[{"href":"https:\/\/stanetdam.com\/index.php?rest_route=%2Fwp%2Fv2%2Fmedia&parent=4241"}],"wp:term":[{"taxonomy":"category","embeddable":true,"href":"https:\/\/stanetdam.com\/index.php?rest_route=%2Fwp%2Fv2%2Fcategories&post=4241"},{"taxonomy":"post_tag","embeddable":true,"href":"https:\/\/stanetdam.com\/index.php?rest_route=%2Fwp%2Fv2%2Ftags&post=4241"}],"curies":[{"name":"wp","href":"https:\/\/api.w.org\/{rel}","templated":true}]}}