{"id":4236,"date":"2009-08-24T18:13:48","date_gmt":"2009-08-24T16:13:48","guid":{"rendered":"http:\/\/www.stanetdam.com\/reclaim-le-portable-ecologique-de-samsung\/"},"modified":"2009-08-24T18:13:48","modified_gmt":"2009-08-24T16:13:48","slug":"reclaim-le-portable-ecologique-de-samsung","status":"publish","type":"post","link":"https:\/\/stanetdam.com\/?p=4236","title":{"rendered":"Reclaim, le portable \u00e9cologique de Samsung"},"content":{"rendered":"<div align=\"center\"><img decoding=\"async\" src=\"http:\/\/bonnenouvelle.blog.lemonde.fr\/files\/2009\/08\/samsung-reclaim.1250765126.JPG\" alt=\"samsung-reclaim.1250765126.JPG\" \/><\/div>\n<p>Le Reclaim est un t\u00e9l\u00e9phone \u00ab\u00a0\u00e9cologique\u00a0\u00bb lanc\u00e9 aux USA par Samsung. Ses caract\u00e9ristiques sont int\u00e9ressantes :<\/p>\n<ul>\n<li>80% du t\u00e9l\u00e9phone utilise des mat\u00e9riaux recycl\u00e9s<\/li>\n<li>40% de sa coque est compos\u00e9e d\u2019un <b>plastique \u00e0 base de ma\u00efs<\/b><\/li>\n<li>Emballage recycl\u00e9 \u00e0 70%<\/li>\n<li>Notice \u00e0 t\u00e9l\u00e9charger<\/li>\n<li><b>Chargeur de la batterie<\/b> moins d\u00e9voreur de courant (parce que la batterie a un amp\u00e9rage moindre ?) avec signal sonore une fois le mobile recharg\u00e9.<\/li>\n<\/ul>\n<p>Apr\u00e8s Sony-Ericsson et son programme \u00e9cologique, au tour de Samsung. Sont forts ces asiatiques&#8230;<\/p>\n<p><\/p>\n<div class=\"zemanta-pixie\"><img decoding=\"async\" class=\"zemanta-pixie-img\" alt=\"\" src=\"http:\/\/img.zemanta.com\/pixy.gif?x-id=2f69bbd7-ca03-816e-a91e-12a9997b7a53\" \/><\/div>\n<div id=\"themify_builder_content-4236\" data-postid=\"4236\" class=\"themify_builder_content themify_builder_content-4236 themify_builder\">\n    <\/div>\n<!-- \/themify_builder_content -->\n","protected":false},"excerpt":{"rendered":"<p>Le Reclaim est un t\u00e9l\u00e9phone \u00ab\u00a0\u00e9cologique\u00a0\u00bb lanc\u00e9 aux USA par Samsung. Ses caract\u00e9ristiques sont int\u00e9ressantes : 80% du t\u00e9l\u00e9phone utilise des mat\u00e9riaux recycl\u00e9s 40% de sa coque est compos\u00e9e d\u2019un plastique \u00e0 base de ma\u00efs Emballage recycl\u00e9 \u00e0 70% Notice \u00e0 t\u00e9l\u00e9charger Chargeur de la batterie moins d\u00e9voreur de courant (parce que la batterie a [&hellip;]<\/p>\n","protected":false},"author":3,"featured_media":0,"comment_status":"open","ping_status":"open","sticky":false,"template":"","format":"standard","meta":{"footnotes":""},"categories":[3,9],"tags":[],"class_list":["post-4236","post","type-post","status-publish","format-standard","hentry","category-sd-usages","category-sd-techlounge","has-post-title","has-post-date","has-post-category","has-post-tag","has-post-comment","has-post-author",""],"builder_content":"","_links":{"self":[{"href":"https:\/\/stanetdam.com\/index.php?rest_route=\/wp\/v2\/posts\/4236","targetHints":{"allow":["GET"]}}],"collection":[{"href":"https:\/\/stanetdam.com\/index.php?rest_route=\/wp\/v2\/posts"}],"about":[{"href":"https:\/\/stanetdam.com\/index.php?rest_route=\/wp\/v2\/types\/post"}],"author":[{"embeddable":true,"href":"https:\/\/stanetdam.com\/index.php?rest_route=\/wp\/v2\/users\/3"}],"replies":[{"embeddable":true,"href":"https:\/\/stanetdam.com\/index.php?rest_route=%2Fwp%2Fv2%2Fcomments&post=4236"}],"version-history":[{"count":0,"href":"https:\/\/stanetdam.com\/index.php?rest_route=\/wp\/v2\/posts\/4236\/revisions"}],"wp:attachment":[{"href":"https:\/\/stanetdam.com\/index.php?rest_route=%2Fwp%2Fv2%2Fmedia&parent=4236"}],"wp:term":[{"taxonomy":"category","embeddable":true,"href":"https:\/\/stanetdam.com\/index.php?rest_route=%2Fwp%2Fv2%2Fcategories&post=4236"},{"taxonomy":"post_tag","embeddable":true,"href":"https:\/\/stanetdam.com\/index.php?rest_route=%2Fwp%2Fv2%2Ftags&post=4236"}],"curies":[{"name":"wp","href":"https:\/\/api.w.org\/{rel}","templated":true}]}}