{"id":3251,"date":"2009-06-15T16:12:41","date_gmt":"2009-06-15T14:12:41","guid":{"rendered":"http:\/\/www.stanetdam.com\/?p=3251"},"modified":"2009-06-15T16:12:41","modified_gmt":"2009-06-15T14:12:41","slug":"hadopi-ma-tuer-le-concert-evenement","status":"publish","type":"post","link":"https:\/\/stanetdam.com\/?p=3251","title":{"rendered":"Hadopi m&rsquo;a tuer ! Le concert \u00e9v\u00e8nement"},"content":{"rendered":"<p style=\"text-align: center;\"><img loading=\"lazy\" decoding=\"async\" class=\"aligncenter\" title=\"hadopi ma tuer\" src=\"http:\/\/blpwebzine.blogs.com\/.a\/6a00d83451dfcc69e201156fb4067c970c-pi\" alt=\"\" width=\"478\" height=\"460\" \/><\/p>\n<p>Vous le savez peut-\u00eatre, je suis l&rsquo;un des fondateurs du <a href=\"http:\/\/www.reseaudespirates.org\" target=\"_blank\" rel=\"noopener noreferrer\">R\u00e9seau des Pirates<\/a>, et d&rsquo;<a href=\"http:\/\/www.owni.fr\" target=\"_blank\" rel=\"noopener noreferrer\">Owni<\/a>. Ces m\u00e9dias, tout comme Stan&amp;Dam, se sont battus contre Hadopi. Aujourd&rsquo;hui, Hadopi presque morte, ils proposent de faire la f\u00eate avec des artistes qui n&rsquo;ont pas peur du num\u00e9rique, bien au contraire.<em><br \/>\n<\/em><\/p>\n<p>Non seulement la soir\u00e9e va avoir lieu ce soir, mais elle aura \u00e9t\u00e9 relay\u00e9 jusque dans <a href=\"http:\/\/www.wired.com\/beyond_the_beyond\/2009\/06\/meanwhile-somewhere-in-french-cyberspace\/\" target=\"_blank\" rel=\"noopener noreferrer\">Wired<\/a>, ou plus pr\u00e8s de chez nous, Les Inrocks, Sin\u00e9, VSD (qui couvre la soir\u00e9e &#8211; si, si !) ou encore le Moove, en poster g\u00e9ant et sur 4 pages dans Vendredi Hebdo (etc..) et sur des dizaines (des centaines) de sites web, blogs et tweets \/-)<\/p>\n<p><strong>RDV \u00e0 l\u2019International (<a href=\"http:\/\/www.linternational.fr\/\" target=\"_blank\" rel=\"noopener noreferrer\">site<\/a>\/<a href=\"http:\/\/maps.google.com\/maps?f=q&amp;hl=en&amp;q=5-7+rue+Moret%2C+Paris%2C+France\" target=\"_blank\" rel=\"noopener noreferrer\">map<\/a>), 5-7 rue Moret \u00e0 Paris<\/strong> (m\u00e9tro Parmentier ou M\u00e9nilmontant) ce soir, 15 juin 2009. L\u2019entr\u00e9e est gratuite et la captation (prise d\u2019image, de son, de video) ainsi que le partage en ligne sont chaudement recommand\u00e9s !<\/p>\n<p><strong>Voici la liste des artistes et les horaires de programmation :<\/strong><\/p>\n<p>*19H30: la Kumpania Zelwer<br \/>\n<a rel=\"nofollow noopener noreferrer\" href=\"http:\/\/www.zelwer.com\/\" target=\"_blank\">http:\/\/www.zelwer.com<\/a><\/p>\n<p>*20H00 what about penguins<br \/>\n<a rel=\"nofollow noopener noreferrer\" href=\"http:\/\/www.myspace.com\/whataboutpenguins\" target=\"_blank\"><span>http:\/\/www.myspace.com\/wha<\/span>taboutpenguins<\/a><\/p>\n<p>*20H30?Dovi special guest Jean Michel Kadjan<br \/>\n<a rel=\"nofollow noopener noreferrer\" href=\"http:\/\/www.myspace.com\/dovimusic\" target=\"_blank\"><span>http:\/\/www.myspace.com\/dov<\/span>imusic<\/a><\/p>\n<p>*21H00 \u201cFlowers from the man who shot your cousin\u201d<br \/>\n<a rel=\"nofollow noopener noreferrer\" href=\"http:\/\/www.myspace.com\/flowersfromthemanwhoshotyourcousin\" target=\"_blank\"><span>http:\/\/www.myspace.com\/flo<\/span><span>wersfromthemanwhoshotyourc<\/span>ousin<\/a><\/p>\n<p>*21H30 Ruppert pupkin<br \/>\n<a rel=\"nofollow noopener noreferrer\" href=\"http:\/\/www.myspace.com\/ruppertpupkin\" target=\"_blank\"><span>http:\/\/www.myspace.com\/rup<\/span>pertpupkin<\/a><\/p>\n<p>*22H00 Orbor<br \/>\n<a rel=\"nofollow noopener noreferrer\" href=\"http:\/\/www.myspace.com\/orbor\" target=\"_blank\"><span>http:\/\/www.myspace.com\/orb<\/span>or<\/a><\/p>\n<p>*22H30 BO<br \/>\n<a href=\"http:\/\/www.myspace.com\/bokomastadium\" target=\"_blank\" rel=\"noopener noreferrer\"><span>www.myspace.com\/bokomastad<\/span>ium<\/a><\/p>\n<div>*23H30 ZERO<br \/>\n<a rel=\"nofollow noopener noreferrer\" href=\"http:\/\/www.jamendo.com\/fr\/album\/11649\/\" target=\"_blank\"><span>http:\/\/www.jamendo.com\/fr\/<\/span>album\/11649\/<\/a>*00H00 5amourai<br \/>\n<a rel=\"nofollow noopener noreferrer\" href=\"http:\/\/www.myspace.com\/5amourai\" target=\"_blank\"><span>http:\/\/www.myspace.com\/5am<\/span>ourai<\/a><\/p>\n<p>*12H30 Ithak<br \/>\n<a rel=\"nofollow noopener noreferrer\" href=\"http:\/\/www.myspace.com\/ithaque\" target=\"_blank\"><span>http:\/\/www.myspace.com\/ith<\/span>aque<\/a><\/p>\n<p>12H30 Baco<br \/>\n<a rel=\"nofollow noopener noreferrer\" href=\"http:\/\/www.myspace.com\/hirizband\" target=\"_blank\"><span>http:\/\/www.myspace.com\/hir<\/span>izband<\/a><\/p>\n<p>Les changements de plateaux seront anim\u00e9s pas le slameur, journaliste et blogueur Sylvain Soulkaye<br \/>\n<a rel=\"nofollow noopener noreferrer\" href=\"http:\/\/souklaye.wordpress.com\/\" target=\"_blank\"><span>http:\/\/souklaye.wordpress.<\/span>com\/<\/a><\/p>\n<p>et<\/p>\n<p>Reno Project<br \/>\n<a rel=\"nofollow noopener noreferrer\" href=\"http:\/\/www.myspace.com\/renoproject\" target=\"_blank\"><span>http:\/\/www.myspace.com\/ren<\/span>oproject<\/a><\/div>\n<div>Les d\u00e9bats commenceront d\u00e8s 18h30 &#8211; 19h et se prolongeront en parall\u00e8le des concerts (la salle de l\u2019International a deux \u00e9tages \/-)<\/div>\n<div>\u2013<\/div>\n<div>Cette soir\u00e9e est organis\u00e9e par <a href=\"http:\/\/owni.fr\/2009\/06\/15\/\" target=\"_blank\" rel=\"noopener noreferrer\">Owni.fr<\/a> &amp; le <a href=\"http:\/\/reseaudespirates.org\/\" target=\"_blank\" rel=\"noopener noreferrer\">R\u00e9seau des Pirates<\/a>, en partenariat avec <a href=\"http:\/\/www.vendredi.info\/\" target=\"_blank\" rel=\"noopener noreferrer\">Vendredi Hebdo<\/a>,<a href=\"http:\/\/www.linternational.fr\/\" target=\"_blank\" rel=\"noopener noreferrer\"> l\u2019International<\/a> et avec le soutien de <a href=\"http:\/\/www.numerama.com\/\" target=\"_blank\" rel=\"noopener noreferrer\">Num\u00e9rama<\/a>, <a href=\"http:\/\/www.slate.fr\/\" target=\"_blank\" rel=\"noopener noreferrer\">Slate<\/a>, <a href=\"http:\/\/www.agoravox.fr\/\" target=\"_blank\" rel=\"noopener noreferrer\">Agoravox<\/a>, <a href=\"http:\/\/www.lepost.fr\/\" target=\"_blank\" rel=\"noopener noreferrer\">LePost<\/a>, <a href=\"http:\/\/ivox.fr\/\" target=\"_blank\" rel=\"noopener noreferrer\">Ivox<\/a>, <a href=\"http:\/\/www.22mars.com\/\" target=\"_blank\" rel=\"noopener noreferrer\">22mars<\/a>, le <a href=\"http:\/\/www.socialmediaclub.org\/\" target=\"_blank\" rel=\"noopener noreferrer\">Social M\u00e9dia Club<\/a>, <a href=\"http:\/\/jaffiche.fr\/\" target=\"_blank\" rel=\"noopener noreferrer\">j\u2019affiche<\/a> et <a href=\"http:\/\/ziknation.com\/\" target=\"_blank\" rel=\"noopener noreferrer\">ZikNation<\/a> (voir <a href=\"http:\/\/www.facebook.com\/event.php?eid=83097033671\" target=\"_blank\" rel=\"noopener noreferrer\">l\u2019event sur Facebook<\/a> \/ <a href=\"http:\/\/owni.fr\/2009\/05\/25\/hadopi-ma-tuer-soiree-concerts\/\" target=\"_blank\" rel=\"noopener noreferrer\">article \u201cnoeud\u201d et d\u00e9tails ici, sur Owni<\/a>)<\/div>\n<div id=\"themify_builder_content-3251\" data-postid=\"3251\" class=\"themify_builder_content themify_builder_content-3251 themify_builder\">\n    <\/div>\n<!-- \/themify_builder_content -->\n","protected":false},"excerpt":{"rendered":"<p>Vous le savez peut-\u00eatre, je suis l&rsquo;un des fondateurs du R\u00e9seau des Pirates, et d&rsquo;Owni. Ces m\u00e9dias, tout comme Stan&amp;Dam, se sont battus contre Hadopi. Aujourd&rsquo;hui, Hadopi presque morte, ils proposent de faire la f\u00eate avec des artistes qui n&rsquo;ont pas peur du num\u00e9rique, bien au contraire. Non seulement la soir\u00e9e va avoir lieu ce [&hellip;]<\/p>\n","protected":false},"author":3,"featured_media":0,"comment_status":"open","ping_status":"open","sticky":false,"template":"","format":"standard","meta":{"footnotes":""},"categories":[3],"tags":[1676,2344,2610],"class_list":["post-3251","post","type-post","status-publish","format-standard","hentry","category-sd-usages","tag-hadopi","tag-manifestation-anti-hadopi","tag-musique","has-post-title","has-post-date","has-post-category","has-post-tag","has-post-comment","has-post-author",""],"builder_content":"","_links":{"self":[{"href":"https:\/\/stanetdam.com\/index.php?rest_route=\/wp\/v2\/posts\/3251","targetHints":{"allow":["GET"]}}],"collection":[{"href":"https:\/\/stanetdam.com\/index.php?rest_route=\/wp\/v2\/posts"}],"about":[{"href":"https:\/\/stanetdam.com\/index.php?rest_route=\/wp\/v2\/types\/post"}],"author":[{"embeddable":true,"href":"https:\/\/stanetdam.com\/index.php?rest_route=\/wp\/v2\/users\/3"}],"replies":[{"embeddable":true,"href":"https:\/\/stanetdam.com\/index.php?rest_route=%2Fwp%2Fv2%2Fcomments&post=3251"}],"version-history":[{"count":0,"href":"https:\/\/stanetdam.com\/index.php?rest_route=\/wp\/v2\/posts\/3251\/revisions"}],"wp:attachment":[{"href":"https:\/\/stanetdam.com\/index.php?rest_route=%2Fwp%2Fv2%2Fmedia&parent=3251"}],"wp:term":[{"taxonomy":"category","embeddable":true,"href":"https:\/\/stanetdam.com\/index.php?rest_route=%2Fwp%2Fv2%2Fcategories&post=3251"},{"taxonomy":"post_tag","embeddable":true,"href":"https:\/\/stanetdam.com\/index.php?rest_route=%2Fwp%2Fv2%2Ftags&post=3251"}],"curies":[{"name":"wp","href":"https:\/\/api.w.org\/{rel}","templated":true}]}}