{"id":306,"date":"2007-12-04T09:00:04","date_gmt":"2007-12-04T08:00:04","guid":{"rendered":"http:\/\/www.stanetdam.com\/iphone-interview-exclusive-du-directeur-commercial-orange-france\/"},"modified":"2007-12-04T09:00:04","modified_gmt":"2007-12-04T08:00:04","slug":"iphone-interview-exclusive-du-directeur-commercial-orange-france","status":"publish","type":"post","link":"https:\/\/stanetdam.com\/?p=306","title":{"rendered":"iPhone : interview exclusive du directeur commercial Orange France"},"content":{"rendered":"<p>Damien et Stanislas interviewent en exclusivit\u00e9 Pascal Viginier, directeur commercial de Orange France.<\/p>\n<p>Il revient pour nous sur l&rsquo;inauguration de la nouvelle boutique Orange sur les Champs Elys\u00e9es, et la commercialisation de l&rsquo;iPhone. Et annonce peut-\u00eatre m\u00eame un scoop ;).<\/p>\n<p>[dailymotion 2YlT5c3KooTutpJmv nolink]<\/p>\n<div id=\"themify_builder_content-306\" data-postid=\"306\" class=\"themify_builder_content themify_builder_content-306 themify_builder\">\n    <\/div>\n<!-- \/themify_builder_content -->\n","protected":false},"excerpt":{"rendered":"<p>Damien et Stanislas interviewent en exclusivit\u00e9 Pascal Viginier, directeur commercial de Orange France. Il revient pour nous sur l&rsquo;inauguration de la nouvelle boutique Orange sur les Champs Elys\u00e9es, et la commercialisation de l&rsquo;iPhone. Et annonce peut-\u00eatre m\u00eame un scoop ;). [dailymotion 2YlT5c3KooTutpJmv nolink]<\/p>\n","protected":false},"author":3,"featured_media":0,"comment_status":"open","ping_status":"open","sticky":false,"template":"","format":"standard","meta":{"footnotes":""},"categories":[1],"tags":[],"class_list":["post-306","post","type-post","status-publish","format-standard","hentry","category-uncategorized","has-post-title","has-post-date","has-post-category","has-post-tag","has-post-comment","has-post-author",""],"builder_content":"","_links":{"self":[{"href":"https:\/\/stanetdam.com\/index.php?rest_route=\/wp\/v2\/posts\/306","targetHints":{"allow":["GET"]}}],"collection":[{"href":"https:\/\/stanetdam.com\/index.php?rest_route=\/wp\/v2\/posts"}],"about":[{"href":"https:\/\/stanetdam.com\/index.php?rest_route=\/wp\/v2\/types\/post"}],"author":[{"embeddable":true,"href":"https:\/\/stanetdam.com\/index.php?rest_route=\/wp\/v2\/users\/3"}],"replies":[{"embeddable":true,"href":"https:\/\/stanetdam.com\/index.php?rest_route=%2Fwp%2Fv2%2Fcomments&post=306"}],"version-history":[{"count":0,"href":"https:\/\/stanetdam.com\/index.php?rest_route=\/wp\/v2\/posts\/306\/revisions"}],"wp:attachment":[{"href":"https:\/\/stanetdam.com\/index.php?rest_route=%2Fwp%2Fv2%2Fmedia&parent=306"}],"wp:term":[{"taxonomy":"category","embeddable":true,"href":"https:\/\/stanetdam.com\/index.php?rest_route=%2Fwp%2Fv2%2Fcategories&post=306"},{"taxonomy":"post_tag","embeddable":true,"href":"https:\/\/stanetdam.com\/index.php?rest_route=%2Fwp%2Fv2%2Ftags&post=306"}],"curies":[{"name":"wp","href":"https:\/\/api.w.org\/{rel}","templated":true}]}}