{"id":2931,"date":"2009-04-26T23:23:27","date_gmt":"2009-04-26T21:23:27","guid":{"rendered":"http:\/\/www.stanetdam.com\/?p=2931"},"modified":"2009-04-26T23:23:27","modified_gmt":"2009-04-26T21:23:27","slug":"bonne-nuit-macha","status":"publish","type":"post","link":"https:\/\/stanetdam.com\/?p=2931","title":{"rendered":"Bonne nuit Macha"},"content":{"rendered":"<p>Vous le savez peut-\u00eatre, j&rsquo;aime la radio (et j&rsquo;en ai m\u00eame fait plusieurs ann\u00e9es sur des antennes de Radio France). Je trouve ce medium fabuleux, par l&rsquo;imaginaire qu&rsquo;il d\u00e9veloppe juste gr\u00e2ce \u00e0 un timbre de voix. Et parmi ces timbres de voix, voluptueux, marqu\u00e9s, il y avait Macha B\u00e9ranger.<\/p>\n<p>Figure mythique de la maison ronde de Radio France, elle \u00e9tait celle qui tenait compagnie aux \u00ab\u00a0sans sommeil\u00a0\u00bb. Elle avait une oreille et \u00e9tait une complice de l&rsquo;instant, jusqu&rsquo;en 2006 o\u00f9 son \u00e9mission a \u00e9t\u00e9 arr\u00eat\u00e9e. Je suis pourtant certain qu&rsquo;elle avait un effet sur les ventes d&rsquo;anxiolytiques.<\/p>\n<p>Elle vient de s&rsquo;\u00e9teindre \u00e0 67 ans. Bonne nuit Macha.<\/p>\n<p style=\"text-align: center;\">[dailymotion x93nzt_hommage-a-macha-beranger_lifestyle nolink]<\/p>\n<p>Bon sinon y avait cela, mais je suis toujours aussi perplexe sur les bandes-sons des ann\u00e9es 70&#8230;<\/p>\n<p style=\"text-align: center;\">[dailymotion x93pyg_macha-beranger-sa-voix-sest-tue_news nolink]<\/p>\n<div id=\"themify_builder_content-2931\" data-postid=\"2931\" class=\"themify_builder_content themify_builder_content-2931 themify_builder\">\n    <\/div>\n<!-- \/themify_builder_content -->\n","protected":false},"excerpt":{"rendered":"<p>Vous le savez peut-\u00eatre, j&rsquo;aime la radio (et j&rsquo;en ai m\u00eame fait plusieurs ann\u00e9es sur des antennes de Radio France). Je trouve ce medium fabuleux, par l&rsquo;imaginaire qu&rsquo;il d\u00e9veloppe juste gr\u00e2ce \u00e0 un timbre de voix. Et parmi ces timbres de voix, voluptueux, marqu\u00e9s, il y avait Macha B\u00e9ranger. Figure mythique de la maison ronde [&hellip;]<\/p>\n","protected":false},"author":3,"featured_media":0,"comment_status":"open","ping_status":"open","sticky":false,"template":"","format":"standard","meta":{"footnotes":""},"categories":[3],"tags":[2307,3160,3161],"class_list":["post-2931","post","type-post","status-publish","format-standard","hentry","category-sd-usages","tag-macha-beranger","tag-radio","tag-radio-france","has-post-title","has-post-date","has-post-category","has-post-tag","has-post-comment","has-post-author",""],"builder_content":"","_links":{"self":[{"href":"https:\/\/stanetdam.com\/index.php?rest_route=\/wp\/v2\/posts\/2931","targetHints":{"allow":["GET"]}}],"collection":[{"href":"https:\/\/stanetdam.com\/index.php?rest_route=\/wp\/v2\/posts"}],"about":[{"href":"https:\/\/stanetdam.com\/index.php?rest_route=\/wp\/v2\/types\/post"}],"author":[{"embeddable":true,"href":"https:\/\/stanetdam.com\/index.php?rest_route=\/wp\/v2\/users\/3"}],"replies":[{"embeddable":true,"href":"https:\/\/stanetdam.com\/index.php?rest_route=%2Fwp%2Fv2%2Fcomments&post=2931"}],"version-history":[{"count":0,"href":"https:\/\/stanetdam.com\/index.php?rest_route=\/wp\/v2\/posts\/2931\/revisions"}],"wp:attachment":[{"href":"https:\/\/stanetdam.com\/index.php?rest_route=%2Fwp%2Fv2%2Fmedia&parent=2931"}],"wp:term":[{"taxonomy":"category","embeddable":true,"href":"https:\/\/stanetdam.com\/index.php?rest_route=%2Fwp%2Fv2%2Fcategories&post=2931"},{"taxonomy":"post_tag","embeddable":true,"href":"https:\/\/stanetdam.com\/index.php?rest_route=%2Fwp%2Fv2%2Ftags&post=2931"}],"curies":[{"name":"wp","href":"https:\/\/api.w.org\/{rel}","templated":true}]}}