{"id":2680,"date":"2009-03-30T09:30:12","date_gmt":"2009-03-30T08:30:12","guid":{"rendered":"http:\/\/www.stanetdam.com\/?p=2680"},"modified":"2009-03-30T09:30:12","modified_gmt":"2009-03-30T08:30:12","slug":"signez-et-soutenez-le-pacte-des-libertes-numeriques-hadopi","status":"publish","type":"post","link":"https:\/\/stanetdam.com\/?p=2680","title":{"rendered":"Signez et soutenez le Pacte des Libert\u00e9s Num\u00e9riques [HADOPI]"},"content":{"rendered":"<p style=\"text-align: center;\"><img loading=\"lazy\" decoding=\"async\" class=\"aligncenter\" style=\"border: 0pt none;\" title=\"capitainecrochet.jpg\" src=\"\/wp-content\/uploads\/stanetdamv2\/capitainecrochet.jpg\" border=\"0\" alt=\"capitainecrochet.jpg\" width=\"500\" height=\"375\" \/><\/p>\n<p>Aujourd&rsquo;hui lundi 30 mars, l&rsquo;examen du projet de loi Cr\u00e9ation et Internet, plus connu sous le nom d&rsquo;Hadopi, reprendra son cours \u00e0 l&rsquo;Assembl\u00e9e Nationale. Loin d&rsquo;\u00eatre le dispositif p\u00e9dagogique et \u00e9quilibr\u00e9 que le gouvernement nous pr\u00e9sente, cette loi constitue une grave atteinte aux libert\u00e9s publiques : elle repose sur une g\u00e9n\u00e9ralisation de la surveillance de nos activit\u00e9s en ligne, sous-trait\u00e9e \u00e0 des soci\u00e9t\u00e9s priv\u00e9es,\u00a0 et sur la mise en place d&rsquo;un m\u00e9canisme de sanctions automatiques et massives hors de tout contr\u00f4le de l&rsquo;autorit\u00e9 judiciaire.<\/p>\n<p>De nombreux arguments ont \u00e9t\u00e9 avanc\u00e9s contre cette loi, inefficace et dangereuse. Vous pouvez en prendre connaissance aupr\u00e8s du site de la Quadrature du Net :<\/p>\n<p><a href=\"http:\/\/www.laquadrature.net\/HADOPI\" target=\"_blank\" rel=\"noopener noreferrer\">http:\/\/www.laquadrature.net\/HADOPI<\/a><\/p>\n<p>Arrivant au terme d&rsquo;une longue s\u00e9rie l\u00e9gislative, la loi HADOPI confirme l&rsquo;incapacit\u00e9 de notre classe politique \u00e0 prendre en compte la r\u00e9volution des usages du num\u00e9rique pour pr\u00e9parer l&rsquo;avenir, et son obstination \u00e0 prot\u00e9ger des mod\u00e8les culturels d\u00e9pass\u00e9s.<\/p>\n<p>Il est temps que nous autres citoyens, utilisateurs quotidiens d&rsquo;Internet et des outils informatiques, nous r\u00e9clamions la reconnaissance de nos droits et libert\u00e9s num\u00e9riques. Pour cette raison, <strong>je vous incite \u00e0 signer le Pacte pour les libert\u00e9s num\u00e9riques propos\u00e9 par le R\u00e9seau des Pirates.<\/strong><\/p>\n<p><a href=\"http:\/\/reseaudespirates.org\/\" target=\"_blank\" rel=\"noopener noreferrer\">http:\/\/reseaudespirates.org\/<\/a><\/p>\n<p>et \u00e0 distribuer ce message aussi largement que possible.<\/p>\n<p>Paisibles utilisateurs, le dispositif l\u00e9gislatif actuel, compl\u00e9t\u00e9 par la loi HADOPI, nous regarde comme d&rsquo;effrayants pirates, passibles du gibet num\u00e9rique qu&rsquo;est la sanction de d\u00e9connexion. C&rsquo;est ce que tentent de montrer ces images, que je vous engage \u00e0 distribuer autour de vous :<\/p>\n<p><a href=\"http:\/\/www.flickr.com\/photos\/reseaudespirates\/\" target=\"_blank\" rel=\"noopener noreferrer\">http:\/\/www.flickr.com\/photos\/reseaudespirates\/<\/a><\/p>\n<p>Retrouvez aussi le R\u00e9seau des Pirates sur Facebook<\/p>\n<p><a href=\"http:\/\/www.facebook.com\/group.php?gid=56474308557\" target=\"_blank\" rel=\"noopener noreferrer\">http:\/\/www.facebook.com\/group.php?gid=56474308557<\/a><\/p>\n<p>et sur Myspace<\/p>\n<p><a href=\"http:\/\/www.myspace.com\/reseaudespirates\" target=\"_blank\" rel=\"noopener noreferrer\">http:\/\/www.myspace.com\/reseaudespirates<\/a><\/p>\n<p><em> Texte et image librement inspir\u00e9 et emprunt\u00e9e au pirate #Piotrr \/-)<\/em><\/p>\n<div id=\"themify_builder_content-2680\" data-postid=\"2680\" class=\"themify_builder_content themify_builder_content-2680 themify_builder\">\n    <\/div>\n<!-- \/themify_builder_content -->\n","protected":false},"excerpt":{"rendered":"<p>Aujourd&rsquo;hui lundi 30 mars, l&rsquo;examen du projet de loi Cr\u00e9ation et Internet, plus connu sous le nom d&rsquo;Hadopi, reprendra son cours \u00e0 l&rsquo;Assembl\u00e9e Nationale. Loin d&rsquo;\u00eatre le dispositif p\u00e9dagogique et \u00e9quilibr\u00e9 que le gouvernement nous pr\u00e9sente, cette loi constitue une grave atteinte aux libert\u00e9s publiques : elle repose sur une g\u00e9n\u00e9ralisation de la surveillance de [&hellip;]<\/p>\n","protected":false},"author":3,"featured_media":0,"comment_status":"open","ping_status":"open","sticky":false,"template":"","format":"standard","meta":{"footnotes":""},"categories":[3],"tags":[1676,2980,3241],"class_list":["post-2680","post","type-post","status-publish","format-standard","hentry","category-sd-usages","tag-hadopi","tag-piratage","tag-reseau-des-pirates","has-post-title","has-post-date","has-post-category","has-post-tag","has-post-comment","has-post-author",""],"builder_content":"","_links":{"self":[{"href":"https:\/\/stanetdam.com\/index.php?rest_route=\/wp\/v2\/posts\/2680","targetHints":{"allow":["GET"]}}],"collection":[{"href":"https:\/\/stanetdam.com\/index.php?rest_route=\/wp\/v2\/posts"}],"about":[{"href":"https:\/\/stanetdam.com\/index.php?rest_route=\/wp\/v2\/types\/post"}],"author":[{"embeddable":true,"href":"https:\/\/stanetdam.com\/index.php?rest_route=\/wp\/v2\/users\/3"}],"replies":[{"embeddable":true,"href":"https:\/\/stanetdam.com\/index.php?rest_route=%2Fwp%2Fv2%2Fcomments&post=2680"}],"version-history":[{"count":0,"href":"https:\/\/stanetdam.com\/index.php?rest_route=\/wp\/v2\/posts\/2680\/revisions"}],"wp:attachment":[{"href":"https:\/\/stanetdam.com\/index.php?rest_route=%2Fwp%2Fv2%2Fmedia&parent=2680"}],"wp:term":[{"taxonomy":"category","embeddable":true,"href":"https:\/\/stanetdam.com\/index.php?rest_route=%2Fwp%2Fv2%2Fcategories&post=2680"},{"taxonomy":"post_tag","embeddable":true,"href":"https:\/\/stanetdam.com\/index.php?rest_route=%2Fwp%2Fv2%2Ftags&post=2680"}],"curies":[{"name":"wp","href":"https:\/\/api.w.org\/{rel}","templated":true}]}}