{"id":2671,"date":"2009-03-25T16:49:41","date_gmt":"2009-03-25T15:49:41","guid":{"rendered":"http:\/\/www.stanetdam.com\/?p=2671"},"modified":"2009-03-25T16:49:41","modified_gmt":"2009-03-25T15:49:41","slug":"conference-marketing-20-the-power-of-social-media","status":"publish","type":"post","link":"https:\/\/stanetdam.com\/?p=2671","title":{"rendered":"Conference marketing 2.0 \u00ab\u00a0the power of social media\u00a0\u00bb"},"content":{"rendered":"<p><img loading=\"lazy\" decoding=\"async\" class=\"alignleft\" title=\"marketing 2.0\" src=\"http:\/\/blog.profession-web.ch\/images\/marketing2.png\" alt=\"\" width=\"200\" height=\"159\" \/><\/p>\n<p>Initi\u00e9 par le Brand Science Institute, la conference Marketing 2.0 des 30 et 31 mars aura pour objet de mieux comprendre la puissance des medias sociaux au service des utilisateurs&#8230; et des annonceurs.<\/p>\n<p>Ce type de conf\u00e9rence est souvent l&rsquo;occasion de pour les marques de faire, sous couvert d&rsquo;une table ronde, de la pub pour leurs services ou produits.\u00a0Il est probable que l&rsquo;on n&rsquo;y \u00e9chappe pas (je pense notamment au \u00ab\u00a0slot\u00a0\u00bb r\u00e9serv\u00e9 \u00e0 MtySpace ou SixAPart), mais\u00a0la lecture du programme tendrait \u00e0 ne pas totalement accr\u00e9diter cette th\u00e8se, tant les sujets sont bien vus et les intervenants \u00ab\u00a0inhabituels\u00a0\u00bb.<\/p>\n<p>Lego (tr\u00e8s rare), Nike, Virgin, Nokia conversations, L&rsquo;Oreal, Amazon, Qik, Slideshare&#8230; sont des intervenants que je n&rsquo;ai aps l&rsquo;habitude de voir sur un podium pour parler maketing social.<\/p>\n<p>Exp\u00e9rons donc que cette deuxi\u00e8me \u00e9dition portera autant ses promesses que la premi\u00e8re, Stan&amp;Dam y passeront pour faire un petit debrief \ud83d\ude09<\/p>\n<p>Voir <a href=\"http:\/\/www.marketing2conference.com\/program.php\">le programme d\u00e9taill\u00e9 des conf\u00e9rences<\/a>.<\/p>\n<div id=\"themify_builder_content-2671\" data-postid=\"2671\" class=\"themify_builder_content themify_builder_content-2671 themify_builder\">\n    <\/div>\n<!-- \/themify_builder_content -->\n","protected":false},"excerpt":{"rendered":"<p>Initi\u00e9 par le Brand Science Institute, la conference Marketing 2.0 des 30 et 31 mars aura pour objet de mieux comprendre la puissance des medias sociaux au service des utilisateurs&#8230; et des annonceurs. Ce type de conf\u00e9rence est souvent l&rsquo;occasion de pour les marques de faire, sous couvert d&rsquo;une table ronde, de la pub pour [&hellip;]<\/p>\n","protected":false},"author":3,"featured_media":0,"comment_status":"open","ping_status":"open","sticky":false,"template":"","format":"standard","meta":{"footnotes":""},"categories":[3,11],"tags":[2358,2359,2398],"class_list":["post-2671","post","type-post","status-publish","format-standard","hentry","category-sd-usages","category-vendu","tag-marketing","tag-marketing-20","tag-media-sociaux","has-post-title","has-post-date","has-post-category","has-post-tag","has-post-comment","has-post-author",""],"builder_content":"","_links":{"self":[{"href":"https:\/\/stanetdam.com\/index.php?rest_route=\/wp\/v2\/posts\/2671","targetHints":{"allow":["GET"]}}],"collection":[{"href":"https:\/\/stanetdam.com\/index.php?rest_route=\/wp\/v2\/posts"}],"about":[{"href":"https:\/\/stanetdam.com\/index.php?rest_route=\/wp\/v2\/types\/post"}],"author":[{"embeddable":true,"href":"https:\/\/stanetdam.com\/index.php?rest_route=\/wp\/v2\/users\/3"}],"replies":[{"embeddable":true,"href":"https:\/\/stanetdam.com\/index.php?rest_route=%2Fwp%2Fv2%2Fcomments&post=2671"}],"version-history":[{"count":0,"href":"https:\/\/stanetdam.com\/index.php?rest_route=\/wp\/v2\/posts\/2671\/revisions"}],"wp:attachment":[{"href":"https:\/\/stanetdam.com\/index.php?rest_route=%2Fwp%2Fv2%2Fmedia&parent=2671"}],"wp:term":[{"taxonomy":"category","embeddable":true,"href":"https:\/\/stanetdam.com\/index.php?rest_route=%2Fwp%2Fv2%2Fcategories&post=2671"},{"taxonomy":"post_tag","embeddable":true,"href":"https:\/\/stanetdam.com\/index.php?rest_route=%2Fwp%2Fv2%2Ftags&post=2671"}],"curies":[{"name":"wp","href":"https:\/\/api.w.org\/{rel}","templated":true}]}}