{"id":2658,"date":"2009-03-25T00:32:19","date_gmt":"2009-03-24T22:32:19","guid":{"rendered":"http:\/\/www.stanetdam.com\/?p=2658"},"modified":"2009-03-25T00:32:19","modified_gmt":"2009-03-24T22:32:19","slug":"orange-tv-sur-iphone-les-premieres-photos-et-les-tarifs","status":"publish","type":"post","link":"https:\/\/stanetdam.com\/?p=2658","title":{"rendered":"Orange TV sur iPhone : les premi\u00e8res photos et les tarifs"},"content":{"rendered":"<p>Aujourd&rsquo;hui avait lieu une conf\u00e9rence de presse donn\u00e9e par Orange afin de r\u00e9pondre <a href=\"http:\/\/www.journaldunet.com\/ebusiness\/breve\/37399\/orange-attaque-free-pour-diffamation.shtml\" target=\"_blank\" rel=\"noopener noreferrer\">aux virulentes attaques<\/a> faites r\u00e9cemment par Free. Nous ne nous attarderons pas sur le contenu, certains le font tr\u00e8s bien et <a href=\"http:\/\/www.lepoint.fr\/actualites-technologie-internet\/face-aux-attaques-repetees-orange-s-auto-congratule\/1387\/0\/328603\" target=\"_blank\" rel=\"noopener noreferrer\">ne semblent d&rsquo;ailleurs pas tr\u00e8s convaincus<\/a> par ce qu&rsquo;ils ont entendu.<\/p>\n<p>Car au sein de ce match revanche contre Free se nichait une grande nouvelle, pour nous les Geeks : <strong>l&rsquo;arriv\u00e9e tant attendue de la t\u00e9l\u00e9vision sur iPhone <\/strong>!<\/p>\n<h3>Les premi\u00e8res images d&rsquo;Orange TV pour iPhone<\/h3>\n<p>(merci \u00e0 Satellifax)<\/p>\n<figure style=\"width: 353px\" class=\"wp-caption aligncenter\"><img loading=\"lazy\" decoding=\"async\" title=\"orange tv iphone\" src=\"http:\/\/www.satellifax.com\/reportage\/0903241\/IMG_0569.JPG\" alt=\"l\u00e9cran de lancement\" width=\"353\" height=\"469\" \/><figcaption class=\"wp-caption-text\">L&#39;\u00e9cran de lancement<\/figcaption><\/figure>\n<figure style=\"width: 342px\" class=\"wp-caption aligncenter\"><img loading=\"lazy\" decoding=\"async\" title=\"orange tv iphone\" src=\"http:\/\/www.satellifax.com\/reportage\/0903241\/IMG_0570.JPG\" alt=\"\" width=\"342\" height=\"455\" \/><figcaption class=\"wp-caption-text\">La grille des programmes, identique \u00e0 celle trouvable sur N95<\/figcaption><\/figure>\n<p style=\"text-align: left;\">\n<figure style=\"width: 347px\" class=\"wp-caption aligncenter\"><img loading=\"lazy\" decoding=\"async\" title=\"orange tv iphone\" src=\"http:\/\/www.satellifax.com\/reportage\/0903241\/IMG_0562.JPG\" alt=\"La navigation inter-chaines\" width=\"347\" height=\"459\" \/><figcaption class=\"wp-caption-text\">La navigation inter-chaines<\/figcaption><\/figure>\n<h3 style=\"text-align: left;\">Une application tr\u00e8s attendue&#8230; et sans r\u00e9elles surprises<\/h3>\n<p style=\"text-align: left;\">Pourquoi avoir autant attendu pour livrer la t\u00e9l\u00e9 d&rsquo;Orange sur l&rsquo;iPhone ? Plusieurs raisons : l&rsquo;adaptation de l&rsquo;encapsulation des flux vid\u00e9os des chaines Orange, la validation par Apple de l&rsquo;application, la gestion de la bande passante versus la qualit\u00e9 de l&rsquo;image&#8230;<\/p>\n<p style=\"text-align: left;\">Au regard des images de l&rsquo;interface, on d\u00e9couvre une navigation tr\u00e8s inspir\u00e9e de l&rsquo;application disponible sur le Nokia N95 :<\/p>\n<ul>\n<li>&gt; carrousel de chaines pour un acc\u00e8s direct,<\/li>\n<li>&gt; jauge pour connaitre le temps de visionnage \u00e9coul\u00e9,<\/li>\n<li>&gt; grille de programmes th\u00e9matiques,<\/li>\n<li>&gt; grille des \u00e9mission en direct avec le temps \u00e9coul\u00e9.<\/li>\n<\/ul>\n<h3 style=\"text-align: left;\">Orange TV c&rsquo;est \u00e0 la carte, et payant<\/h3>\n<p style=\"text-align: left;\">L&rsquo;application est d\u00e9sormais attendue \u00e0 partir du 7 avril prochain. Si celle-ci sera gratuite via l&rsquo;AppStore, en revanche il faudra payer pour visionner le bouquet de 60 cha\u00eenes, accessibles en WIFI ou 3G et en Edge : hormis les abonn\u00e9s \u00ab\u00a0Origami Star Plus\u00a0\u00bb, <strong>il faudra payer pour acc\u00e9der \u00e0 l&rsquo;option TV<\/strong> et ses 20 chaines de base (dont la TNT), puis 6\u20ac par bouquet th\u00e9matique et 9\u20ac pour l&rsquo;int\u00e9gralit\u00e9 des 60 chaines.<\/p>\n<p style=\"text-align: left;\">Orange lancera \u00e0 l&rsquo;occasion de nouveaux forfaits incluant l&rsquo;offre TV, ce qui ne manquera pas de faire grincer des dents les actuels abonn\u00e9s (qui vont devoir remettre la main \u00e0 la poche, et j&rsquo;en suis), <strong>et de complexifier encore plus sa grille de forfaits, un comble pour un appareil aussi simple que l&rsquo;iPhone&#8230;<\/strong><\/p>\n<p style=\"text-align: left;\"><em>PS : bien que faisant partie d&rsquo;Orange, cet article n&rsquo;est pas un billet sponsoris\u00e9, et les opinions d\u00e9velopp\u00e9es dans ce billet n&rsquo;engagent que leur auteur \u00e0 titre strictement personnel.<\/em><\/p>\n<div id=\"themify_builder_content-2658\" data-postid=\"2658\" class=\"themify_builder_content themify_builder_content-2658 themify_builder\">\n    <\/div>\n<!-- \/themify_builder_content -->\n","protected":false},"excerpt":{"rendered":"<p>Aujourd&rsquo;hui avait lieu une conf\u00e9rence de presse donn\u00e9e par Orange afin de r\u00e9pondre aux virulentes attaques faites r\u00e9cemment par Free. Nous ne nous attarderons pas sur le contenu, certains le font tr\u00e8s bien et ne semblent d&rsquo;ailleurs pas tr\u00e8s convaincus par ce qu&rsquo;ils ont entendu. Car au sein de ce match revanche contre Free se [&hellip;]<\/p>\n","protected":false},"author":3,"featured_media":0,"comment_status":"open","ping_status":"open","sticky":false,"template":"","format":"standard","meta":{"footnotes":""},"categories":[9],"tags":[1414,1899,2791],"class_list":["post-2658","post","type-post","status-publish","format-standard","hentry","category-sd-techlounge","tag-forfaits-iphone","tag-iphone","tag-orange-tv","has-post-title","has-post-date","has-post-category","has-post-tag","has-post-comment","has-post-author",""],"builder_content":"","_links":{"self":[{"href":"https:\/\/stanetdam.com\/index.php?rest_route=\/wp\/v2\/posts\/2658","targetHints":{"allow":["GET"]}}],"collection":[{"href":"https:\/\/stanetdam.com\/index.php?rest_route=\/wp\/v2\/posts"}],"about":[{"href":"https:\/\/stanetdam.com\/index.php?rest_route=\/wp\/v2\/types\/post"}],"author":[{"embeddable":true,"href":"https:\/\/stanetdam.com\/index.php?rest_route=\/wp\/v2\/users\/3"}],"replies":[{"embeddable":true,"href":"https:\/\/stanetdam.com\/index.php?rest_route=%2Fwp%2Fv2%2Fcomments&post=2658"}],"version-history":[{"count":0,"href":"https:\/\/stanetdam.com\/index.php?rest_route=\/wp\/v2\/posts\/2658\/revisions"}],"wp:attachment":[{"href":"https:\/\/stanetdam.com\/index.php?rest_route=%2Fwp%2Fv2%2Fmedia&parent=2658"}],"wp:term":[{"taxonomy":"category","embeddable":true,"href":"https:\/\/stanetdam.com\/index.php?rest_route=%2Fwp%2Fv2%2Fcategories&post=2658"},{"taxonomy":"post_tag","embeddable":true,"href":"https:\/\/stanetdam.com\/index.php?rest_route=%2Fwp%2Fv2%2Ftags&post=2658"}],"curies":[{"name":"wp","href":"https:\/\/api.w.org\/{rel}","templated":true}]}}