{"id":2591,"date":"2009-03-15T16:44:28","date_gmt":"2009-03-15T15:44:28","guid":{"rendered":"http:\/\/www.stanetdam.com\/?p=2591"},"modified":"2009-03-15T16:44:28","modified_gmt":"2009-03-15T15:44:28","slug":"les-guignols-ont-20-ans","status":"publish","type":"post","link":"https:\/\/stanetdam.com\/?p=2591","title":{"rendered":"Les Guignols ont 20 ans [SOUVENIRS]"},"content":{"rendered":"<p style=\"text-align: center;\"><img loading=\"lazy\" decoding=\"async\" class=\"aligncenter\" title=\"arenes info\" src=\"http:\/\/pagesperso-orange.fr\/tele.scope\/LesArenesdelinfo.JPG\" alt=\"\" width=\"458\" height=\"263\" \/><\/p>\n<p style=\"text-align: left;\">Je me souviens particuli\u00e8rement bien de la premi\u00e8re des \u00ab\u00a0Guignols\u00a0\u00bb, qui ne s&rsquo;appelaient pas encore comme \u00e7a \u00e0 l&rsquo;\u00e9poque. C&rsquo;\u00e9tait dans Nulle Part Ailleurs, juste par\u00e8s l&rsquo;arr\u00eat des Nuls et de leur JTN.<\/p>\n<p style=\"text-align: left;\">D\u00e9buts laborieux, pas franchement dr\u00f4les. Yves Lecoq cherche encore la voix de PPD, le rythme manque. Il faudra la d\u00e9termination de l&rsquo;\u00e9quipe et d&rsquo;Alain de Greef, patron des programes \u00e0 l&rsquo;\u00e9poque, pour finalement en faire un succ\u00e8s.<\/p>\n<p style=\"text-align: left;\">Car en face, le \u00ab\u00a0B\u00e9b\u00eate\u00a0Show\u00a0\u00bb ricane. Mais la moquerie n&rsquo;aura qu&rsquo;un temps : une fois l&rsquo;\u00e9quipe d&rsquo;auteur \u00ab\u00a0id\u00e9ale \u00a0\u00bb trouv\u00e9e (Bruno Gaccio, Jean-Fran\u00e7ois Halin et Benoit \u00ab\u00a0Micha\u00ebl Keul\u00a0\u00bb Del\u00e9pine, une dream team qui finira presque f\u00e2ch\u00e9e), c&rsquo;est guerre de le Golfe premi\u00e8re du nom qui va sortir d\u00e9finitivement de l&rsquo;eau les t\u00eates de latex de Canal. En face, l&rsquo;humour vieillit, essaye de se renouveller, en vain. C&rsquo;est parti pour le succ\u00e8s dont on f\u00eate les 20 ans lundi 16 mars au soir sur Canal + !<\/p>\n<p style=\"text-align: left;\">J&rsquo;ai \u00e9t\u00e9 accro aux Guignols. maintenant je les regarde moins, question de temps, voire de g\u00e9n\u00e9ration peut-\u00eatre&#8230; Leur humour est moins corrosif, moins percutant ? Habitude ? Peut-\u00eatre. Pourtant je me surprend \u00e0 prononcer banalement certaines phrases de leur cru comme \u00ab\u00a0pile poil\u00a0\u00bb, \u00ab\u00a0mangez des pommes\u00a0\u00bb, \u00ab\u00a0il vous en prie\u00a0\u00bb : comme quoi, leur impact sur mon subconscient est plus fort que je ne crois !<\/p>\n<p style=\"text-align: center;\"><img loading=\"lazy\" decoding=\"async\" class=\"aligncenter\" title=\"Segolene Guignols\" src=\"http:\/\/medias.lepost.fr\/ill\/2009\/03\/14\/h-20-1456689-1237025300.jpg\" alt=\"\" width=\"535\" height=\"394\" \/><\/p>\n<p style=\"text-align: left;\">Allez, pour leurs 20 ans ils se sont fait plaisir : un making-off de 20 minutes, une soir\u00e9e de r\u00e9trospective avec un PPDA pour de vrai aux commandes, et <a href=\"http:\/\/putain20ans.canalplus.fr\/#\/pub\" target=\"_blank\" rel=\"noopener noreferrer\">des affiches de personnalit\u00e9s<\/a> \u00e0 jamais guignolis\u00e9es par une phrase culte. A noter que celles de Bayrou, Sarkozy, Bruni et Virenque ont finalement fini \u00e0 la poubelle&#8230;<\/p>\n<p style=\"text-align: left;\">Bon anniversaire les Guignols !<\/p>\n<p style=\"text-align: left;\">PS : une interview des concepteurs de la campagne par notre ami <a href=\"http:\/\/pierre-philippe.blogspot.com\/\" target=\"_blank\" rel=\"noopener noreferrer\">PPC<\/a>.<\/p>\n<p style=\"text-align: center;\">[youtube J2S05bbWt54]<\/p>\n<div id=\"themify_builder_content-2591\" data-postid=\"2591\" class=\"themify_builder_content themify_builder_content-2591 themify_builder\">\n    <\/div>\n<!-- \/themify_builder_content -->\n","protected":false},"excerpt":{"rendered":"<p>Je me souviens particuli\u00e8rement bien de la premi\u00e8re des \u00ab\u00a0Guignols\u00a0\u00bb, qui ne s&rsquo;appelaient pas encore comme \u00e7a \u00e0 l&rsquo;\u00e9poque. C&rsquo;\u00e9tait dans Nulle Part Ailleurs, juste par\u00e8s l&rsquo;arr\u00eat des Nuls et de leur JTN.<\/p>\n","protected":false},"author":3,"featured_media":0,"comment_status":"open","ping_status":"open","sticky":false,"template":"","format":"standard","meta":{"footnotes":""},"categories":[2],"tags":[233,609,2178],"class_list":["post-2591","post","type-post","status-publish","format-standard","hentry","category-loisiretportnawak","tag-anniversaire","tag-canal","tag-les-guignols","has-post-title","has-post-date","has-post-category","has-post-tag","has-post-comment","has-post-author",""],"builder_content":"","_links":{"self":[{"href":"https:\/\/stanetdam.com\/index.php?rest_route=\/wp\/v2\/posts\/2591","targetHints":{"allow":["GET"]}}],"collection":[{"href":"https:\/\/stanetdam.com\/index.php?rest_route=\/wp\/v2\/posts"}],"about":[{"href":"https:\/\/stanetdam.com\/index.php?rest_route=\/wp\/v2\/types\/post"}],"author":[{"embeddable":true,"href":"https:\/\/stanetdam.com\/index.php?rest_route=\/wp\/v2\/users\/3"}],"replies":[{"embeddable":true,"href":"https:\/\/stanetdam.com\/index.php?rest_route=%2Fwp%2Fv2%2Fcomments&post=2591"}],"version-history":[{"count":0,"href":"https:\/\/stanetdam.com\/index.php?rest_route=\/wp\/v2\/posts\/2591\/revisions"}],"wp:attachment":[{"href":"https:\/\/stanetdam.com\/index.php?rest_route=%2Fwp%2Fv2%2Fmedia&parent=2591"}],"wp:term":[{"taxonomy":"category","embeddable":true,"href":"https:\/\/stanetdam.com\/index.php?rest_route=%2Fwp%2Fv2%2Fcategories&post=2591"},{"taxonomy":"post_tag","embeddable":true,"href":"https:\/\/stanetdam.com\/index.php?rest_route=%2Fwp%2Fv2%2Ftags&post=2591"}],"curies":[{"name":"wp","href":"https:\/\/api.w.org\/{rel}","templated":true}]}}