{"id":2548,"date":"2009-03-11T02:03:28","date_gmt":"2009-03-11T01:03:28","guid":{"rendered":"http:\/\/www.stanetdam.com\/?p=2548"},"modified":"2009-03-11T02:03:28","modified_gmt":"2009-03-11T01:03:28","slug":"le-reseau-des-pirates-nous-sommes-des-millions-ils-font-de-nous-des-pirates","status":"publish","type":"post","link":"https:\/\/stanetdam.com\/?p=2548","title":{"rendered":"Le R\u00e9seau des Pirates : nous sommes des millions, ils font de nous des pirates"},"content":{"rendered":"<p style=\"text-align: center;\"><img loading=\"lazy\" decoding=\"async\" class=\"aligncenter\" title=\"pirates\" src=\"http:\/\/www.numerama.com\/media\/attach\/reseaudespirates-bann.png\" alt=\"\" width=\"675\" height=\"106\" \/><\/p>\n<p><strong>Internet et les technologies num\u00e9riques ouvrent un extraordinaire espace de libert\u00e9s<\/strong> : libert\u00e9s de s\u2019exprimer, de cr\u00e9er, d\u2019acc\u00e9der \u00e0 l\u2019information et aux \u0153uvres, mais aussi d\u2019innover et d\u2019entreprendre.<\/p>\n<p><strong>Jamais autant d\u2019informations, de connaissances et de cr\u00e9ations n\u2019ont \u00e9t\u00e9 accessibles \u00e0 un aussi grand nombre d\u2019individus<\/strong>. Jamais autant de citoyens et de cr\u00e9ateurs n\u2019ont \u00e9t\u00e9 en mesure d\u2019exprimer leurs opinions sur les affaires du monde, mais aussi de rendre leurs productions accessibles et r\u00e9utilisables et permettre ainsi d\u2019en cr\u00e9er de nouvelles.<\/p>\n<p>D\u2019influents groupes d\u2019int\u00e9r\u00eat, dans les industries de la culture, des m\u00e9dias et du divertissement, et certaines forces au sein des appareils d\u2019\u00e9tat, supportent mal ces libert\u00e9s et ces capacit\u00e9s nouvelles. Ils n\u2019ont de cesse, depuis 20 ans, de les brider, de revenir sur elles.<\/p>\n<p>Verrouillage technique des \u0153uvres et criminalisation de leur contournement, obligations de filtrage des contenus pr\u00e9sum\u00e9s illicites, proc\u00e9dures d\u2019exception sans respect des droits de la d\u00e9fense comme le projet de \u201criposte gradu\u00e9e\u201d, invention r\u00e9guli\u00e8re de nouvelles infractions comme le \u00ab\u00a0d\u00e9faut de s\u00e9curisation de sa connexion\u00a0\u00bb ou la responsabilisation des d\u00e9veloppeurs pour les usages potentiels de leurs logiciels, projets de labellisation des sites, listes blanches sur le WiFi, remise en cause du dispositif de responsabilit\u00e9 am\u00e9nag\u00e9e des prestataires techniques, r\u00e9gime sp\u00e9cifique \u00e0 l\u2019Internet pour les d\u00e9lits de presse\u2026<\/p>\n<p>Il faut cesser de consid\u00e9rer  l\u2019Internet comme un espace o\u00f9 r\u00e8gne le non-droit, comme une zone de risques.<br \/>\nInternet est le laboratoire o\u00f9 la jeunesse invente de nouvelles mani\u00e8res de faire.<br \/>\nLe chantier o\u00f9 l\u2019\u00c9tat et des collectivit\u00e9s publiques exp\u00e9rimentent de nouvelles relations avec les citoyens.<br \/>\nL\u2019espace ou s\u2019invente peut-\u00eatre <strong>la soci\u00e9t\u00e9 de demain, fond\u00e9e sur la coop\u00e9ration et l\u2019\u00e9change : celle de \u201cl\u2019apr\u00e8s-crise\u201d.<\/strong><\/p>\n<p>Les responsables politiques doivent reconna\u00eetre le pr\u00e9sent et prendre le parti des possibles.<\/p>\n<p><strong>Nous appelons les parlementaires fran\u00e7ais \u00e0 signer ce pacte et \u00e0 d\u00e9fendre les libert\u00e9s num\u00e9riques<\/strong> \u00e0 l\u2019occasion du d\u00e9bat sur l\u2019Hadopi.<\/p>\n<p>Les \u00e9lections au Parlement Europ\u00e9en se tiendront le 6 et 7 juin. C\u2019est aussi au Parlement Europ\u00e9en que s\u2019\u00e9labore le cadre de ces libert\u00e9s num\u00e9riques.<br \/>\nNous voulons inscrire les enjeux du num\u00e9rique dans la campagne des Europ\u00e9ennes : le levier de progr\u00e8s que repr\u00e9sente Internet pour nos soci\u00e9t\u00e9s, les risques qui p\u00e8sent sur les libert\u00e9s num\u00e9riques.<\/p>\n<p><strong>Nous demandons aux candidats, et en premier lieu, aux t\u00eates de liste, de s\u2019engager \u00e0 d\u00e9fendre les libert\u00e9s num\u00e9riques<\/strong> en signant \u00e9galement le Pacte des Libert\u00e9s num\u00e9riques.<\/p>\n<p>&gt; <a href=\"http:\/\/reseaudespirates.org\/content\/le-pacte-pour-les-libert%C3%A9s-num%C3%A9riques\" target=\"_blank\" rel=\"noopener noreferrer\">le Pacte pour les Libert\u00e9s Num\u00e9riques<\/a><br \/>\n&gt; <a href=\"http:\/\/reseaudespirates.org\/user\/register\" target=\"_blank\" rel=\"noopener noreferrer\">signer le manifeste<\/a>.<\/p>\n<p>Il est grand temps de reconna\u00eetre ces pratiques.  De cesser cette guerre contre le public et la jeunesse.<br \/>\nEn attendant ce jour, je prends le parti des pirates.<\/p>\n<p><strong>Je d\u00e9clare que je suis l\u2019un d\u2019entre-eux.<\/strong><br \/>\nJe d\u00e9clare avoir consomm\u00e9, remix\u00e9 ou diffus\u00e9 des \u0153uvres culturelles.<br \/>\nAlors, pour eux je suis un pirate\u2026<\/p>\n<p>&gt; <a href=\"http:\/\/reseaudespirates.org\/\" target=\"_blank\" rel=\"noopener noreferrer\">Le R\u00e9seau des Pirates<\/a><\/p>\n<div id=\"themify_builder_content-2548\" data-postid=\"2548\" class=\"themify_builder_content themify_builder_content-2548 themify_builder\">\n    <\/div>\n<!-- \/themify_builder_content -->\n","protected":false},"excerpt":{"rendered":"<p>Internet et les technologies num\u00e9riques ouvrent un extraordinaire espace de libert\u00e9s : libert\u00e9s de s\u2019exprimer, de cr\u00e9er, d\u2019acc\u00e9der \u00e0 l\u2019information et aux \u0153uvres, mais aussi d\u2019innover et d\u2019entreprendre. Jamais autant d\u2019informations, de connaissances et de cr\u00e9ations n\u2019ont \u00e9t\u00e9 accessibles \u00e0 un aussi grand nombre d\u2019individus. Jamais autant de citoyens et de cr\u00e9ateurs n\u2019ont \u00e9t\u00e9 en [&hellip;]<\/p>\n","protected":false},"author":3,"featured_media":0,"comment_status":"open","ping_status":"open","sticky":false,"template":"","format":"standard","meta":{"footnotes":""},"categories":[3],"tags":[175,1676,2217,2980,3241],"class_list":["post-2548","post","type-post","status-publish","format-standard","hentry","category-sd-usages","tag-albanel","tag-hadopi","tag-libertes-numeriques","tag-piratage","tag-reseau-des-pirates","has-post-title","has-post-date","has-post-category","has-post-tag","has-post-comment","has-post-author",""],"builder_content":"","_links":{"self":[{"href":"https:\/\/stanetdam.com\/index.php?rest_route=\/wp\/v2\/posts\/2548","targetHints":{"allow":["GET"]}}],"collection":[{"href":"https:\/\/stanetdam.com\/index.php?rest_route=\/wp\/v2\/posts"}],"about":[{"href":"https:\/\/stanetdam.com\/index.php?rest_route=\/wp\/v2\/types\/post"}],"author":[{"embeddable":true,"href":"https:\/\/stanetdam.com\/index.php?rest_route=\/wp\/v2\/users\/3"}],"replies":[{"embeddable":true,"href":"https:\/\/stanetdam.com\/index.php?rest_route=%2Fwp%2Fv2%2Fcomments&post=2548"}],"version-history":[{"count":0,"href":"https:\/\/stanetdam.com\/index.php?rest_route=\/wp\/v2\/posts\/2548\/revisions"}],"wp:attachment":[{"href":"https:\/\/stanetdam.com\/index.php?rest_route=%2Fwp%2Fv2%2Fmedia&parent=2548"}],"wp:term":[{"taxonomy":"category","embeddable":true,"href":"https:\/\/stanetdam.com\/index.php?rest_route=%2Fwp%2Fv2%2Fcategories&post=2548"},{"taxonomy":"post_tag","embeddable":true,"href":"https:\/\/stanetdam.com\/index.php?rest_route=%2Fwp%2Fv2%2Ftags&post=2548"}],"curies":[{"name":"wp","href":"https:\/\/api.w.org\/{rel}","templated":true}]}}