{"id":246,"date":"2007-11-19T13:40:12","date_gmt":"2007-11-19T12:40:12","guid":{"rendered":"http:\/\/www.stanetdam.com\/iphone-soucis-reglementaire-en-vue\/"},"modified":"2007-11-19T13:40:12","modified_gmt":"2007-11-19T12:40:12","slug":"iphone-soucis-reglementaire-en-vue","status":"publish","type":"post","link":"https:\/\/stanetdam.com\/?p=246","title":{"rendered":"iPhone &#8211; Soucis r\u00e8glementaire en vue"},"content":{"rendered":"<p><img loading=\"lazy\" decoding=\"async\" src=\"http:\/\/www.stanetdam.com\/wp-content\/uploads\/iphone_1.jpg\" alt=\"iphone_1.jpg\" title=\"iphone_1.jpg\" align=\"left\" border=\"0\" height=\"107\" width=\"132\" \/>\u00a0 Pour le moment, Orange n&rsquo;a toujours officiellement communiqu\u00e9 sur son offre tarifaire concernant le forfait iPhone. Tout juste, sait-on par oui-dire que l&rsquo;abonnement devrait \u00eatre obligatoire pour 24 mois. Enfin, ce n&rsquo;est plus trop sur &#8230;<!--more--><\/p>\n<p>La commission des Affaires \u00e9conomiques de l&rsquo;Assembl\u00e9e nationale a adopt\u00e9 un amendement au projet de loi sur le \u00ab\u00a0d\u00e9veloppement de la concurrence au service des consommateurs\u00a0\u00bb \u00e9dictant que le souscripteur d&rsquo;un forfait doit pouvoir le r\u00e9silier d\u00e8s le\u00a0treizi\u00e8me mois et ce m\u00eame s&rsquo;il s&rsquo;est engag\u00e9 pour 24 mois. Dans ce cas, le souscripteur devra verser le tiers des mois restant d\u00fb.<\/p>\n<p>En gros, vous prenez un iPhone pour 24 mois a 60 euros par mois. Au 15 mois, vous resilier, vous devrez vous acquitter du tiers de 9 mois \u00e0 60\u20ac (soit 180\u20ac).<\/p>\n<p>Autant dire, un tr\u00e8s gros coup dur pour Orange et Apple.<\/p>\n<p>De plus, l&rsquo;amendement pr\u00e9voit que chaque offre de 24 mois doit \u00eatre \u00e9galement propos\u00e9 dans une formule de 12 mois.<\/p>\n<p>Pour l&rsquo;instant, il ne s&rsquo;agit que d\u00a0\u00bbun amendement soumis au vote pour d\u00e9cembre. Soyons sur que les concern\u00e9s dans l&rsquo;affaire (Orange et Apple) seront faire feu de tout bois pour pr\u00e9server leurs int\u00e9r\u00eats.<\/p>\n<p>[<a href=\"http:\/\/www.zdnet.fr\/actualites\/telecoms\/0,39040748,39375583,00.htm\" target=\"_blank\" rel=\"noopener noreferrer\">Article sur ZDNET<\/a>]<\/p>\n","protected":false},"excerpt":{"rendered":"<p>\u00a0 Pour le moment, Orange n&rsquo;a toujours officiellement communiqu\u00e9 sur son offre tarifaire concernant le forfait iPhone. Tout juste, sait-on par oui-dire que l&rsquo;abonnement devrait \u00eatre obligatoire pour 24 mois. Enfin, ce n&rsquo;est plus trop sur &#8230;<\/p>\n","protected":false},"author":2,"featured_media":0,"comment_status":"open","ping_status":"open","sticky":false,"template":"","format":"standard","meta":{"footnotes":""},"categories":[1],"tags":[256,1899,2789],"class_list":["post-246","post","type-post","status-publish","format-standard","hentry","category-uncategorized","tag-apple","tag-iphone","tag-orange","has-post-title","has-post-date","has-post-category","has-post-tag","has-post-comment","has-post-author",""],"builder_content":"","_links":{"self":[{"href":"https:\/\/stanetdam.com\/index.php?rest_route=\/wp\/v2\/posts\/246","targetHints":{"allow":["GET"]}}],"collection":[{"href":"https:\/\/stanetdam.com\/index.php?rest_route=\/wp\/v2\/posts"}],"about":[{"href":"https:\/\/stanetdam.com\/index.php?rest_route=\/wp\/v2\/types\/post"}],"author":[{"embeddable":true,"href":"https:\/\/stanetdam.com\/index.php?rest_route=\/wp\/v2\/users\/2"}],"replies":[{"embeddable":true,"href":"https:\/\/stanetdam.com\/index.php?rest_route=%2Fwp%2Fv2%2Fcomments&post=246"}],"version-history":[{"count":0,"href":"https:\/\/stanetdam.com\/index.php?rest_route=\/wp\/v2\/posts\/246\/revisions"}],"wp:attachment":[{"href":"https:\/\/stanetdam.com\/index.php?rest_route=%2Fwp%2Fv2%2Fmedia&parent=246"}],"wp:term":[{"taxonomy":"category","embeddable":true,"href":"https:\/\/stanetdam.com\/index.php?rest_route=%2Fwp%2Fv2%2Fcategories&post=246"},{"taxonomy":"post_tag","embeddable":true,"href":"https:\/\/stanetdam.com\/index.php?rest_route=%2Fwp%2Fv2%2Ftags&post=246"}],"curies":[{"name":"wp","href":"https:\/\/api.w.org\/{rel}","templated":true}]}}