{"id":2419,"date":"2009-03-05T09:30:59","date_gmt":"2009-03-05T08:30:59","guid":{"rendered":"http:\/\/www.stanetdam.com\/?p=2419"},"modified":"2009-03-05T09:30:59","modified_gmt":"2009-03-05T08:30:59","slug":"deballage-du-nouveau-macmini-apple-hardware","status":"publish","type":"post","link":"https:\/\/stanetdam.com\/?p=2419","title":{"rendered":"D\u00e9ballage du nouveau MACmini [Apple hardware]"},"content":{"rendered":"<p class=\"posttitle\">Magnifique d\u00e9ballage organis\u00e9 par <a href=\"http:\/\/www.engadget.com\/2009\/03\/04\/apple-mac-mini-geforce-9400m-unboxing-and-hands-on\/\" target=\"_blank\" rel=\"noopener noreferrer\">Gizmodo:<span id=\"ppt1478353\"> Apple Mac mini (GeForce 9400M) unboxing and hands-on<\/span><\/a><\/p>\n<p class=\"content-title\"><span>Sans compter le superbe d\u00e9ballage (et accessoirement d\u00e9montage), de<a href=\"http:\/\/www.9to5mac.com\/mac-mini-naked\" target=\"_blank\" rel=\"noopener noreferrer\"> 9to5mac &#8211;<\/a><\/span><a href=\"http:\/\/www.9to5mac.com\/mac-mini-naked\" target=\"_blank\" rel=\"noopener noreferrer\">New Mac Mini pr0n &#8211; Mini Colo takes a new Mini apart<\/a><\/p>\n<p>Pour info, le Mac Mini nouvelle \u00e9dition est disponible \u00e0 la Fnac Terne (pour les parisiens)<\/p>\n<p style=\"text-align: center;\"><img loading=\"lazy\" decoding=\"async\" class=\"aligncenter\" style=\"border: 0pt none;\" title=\"newmini21.jpg\" src=\"\/wp-content\/uploads\/stanetdamv2\/newmini21.jpg\" border=\"0\" alt=\"newmini21.jpg\" width=\"590\" height=\"395\" \/><\/p>\n<p style=\"text-align: left;\">Monsieur Apple, Steve &#8230;. offrez moi ce Mac Mini !!!<\/p>\n<div id=\"themify_builder_content-2419\" data-postid=\"2419\" class=\"themify_builder_content themify_builder_content-2419 themify_builder\">\n    <\/div>\n<!-- \/themify_builder_content -->\n","protected":false},"excerpt":{"rendered":"<p>Magnifique d\u00e9ballage organis\u00e9 par Gizmodo: Apple Mac mini (GeForce 9400M) unboxing and hands-on Sans compter le superbe d\u00e9ballage (et accessoirement d\u00e9montage), de 9to5mac &#8211;New Mac Mini pr0n &#8211; Mini Colo takes a new Mini apart Pour info, le Mac Mini nouvelle \u00e9dition est disponible \u00e0 la Fnac Terne (pour les parisiens) Monsieur Apple, Steve &#8230;. [&hellip;]<\/p>\n","protected":false},"author":2,"featured_media":0,"comment_status":"open","ping_status":"open","sticky":false,"template":"","format":"standard","meta":{"footnotes":""},"categories":[4],"tags":[256,973,2312],"class_list":["post-2419","post","type-post","status-publish","format-standard","hentry","category-sd-dossier","tag-apple","tag-deballage","tag-macmini","has-post-title","has-post-date","has-post-category","has-post-tag","has-post-comment","has-post-author",""],"builder_content":"","_links":{"self":[{"href":"https:\/\/stanetdam.com\/index.php?rest_route=\/wp\/v2\/posts\/2419","targetHints":{"allow":["GET"]}}],"collection":[{"href":"https:\/\/stanetdam.com\/index.php?rest_route=\/wp\/v2\/posts"}],"about":[{"href":"https:\/\/stanetdam.com\/index.php?rest_route=\/wp\/v2\/types\/post"}],"author":[{"embeddable":true,"href":"https:\/\/stanetdam.com\/index.php?rest_route=\/wp\/v2\/users\/2"}],"replies":[{"embeddable":true,"href":"https:\/\/stanetdam.com\/index.php?rest_route=%2Fwp%2Fv2%2Fcomments&post=2419"}],"version-history":[{"count":0,"href":"https:\/\/stanetdam.com\/index.php?rest_route=\/wp\/v2\/posts\/2419\/revisions"}],"wp:attachment":[{"href":"https:\/\/stanetdam.com\/index.php?rest_route=%2Fwp%2Fv2%2Fmedia&parent=2419"}],"wp:term":[{"taxonomy":"category","embeddable":true,"href":"https:\/\/stanetdam.com\/index.php?rest_route=%2Fwp%2Fv2%2Fcategories&post=2419"},{"taxonomy":"post_tag","embeddable":true,"href":"https:\/\/stanetdam.com\/index.php?rest_route=%2Fwp%2Fv2%2Ftags&post=2419"}],"curies":[{"name":"wp","href":"https:\/\/api.w.org\/{rel}","templated":true}]}}