{"id":2314,"date":"2009-02-27T16:50:31","date_gmt":"2009-02-27T15:50:31","guid":{"rendered":"http:\/\/www.stanetdam.com\/?p=2314"},"modified":"2009-02-27T16:50:31","modified_gmt":"2009-02-27T15:50:31","slug":"piratage-petit-rappel-a-nos-deputes","status":"publish","type":"post","link":"https:\/\/stanetdam.com\/?p=2314","title":{"rendered":"PIRATAGE &#8211; petit rappel \u00e0 nos d\u00e9put\u00e9s"},"content":{"rendered":"<p><!--[if gte mso 10]>\n<mce:style><!   \/* Style Definitions *\/  table.MsoNormalTable \t{mso-style-name:\"Table Normal\"; \tmso-tstyle-rowband-size:0; \tmso-tstyle-colband-size:0; \tmso-style-noshow:yes; \tmso-style-priority:99; \tmso-style-qformat:yes; \tmso-style-parent:\"\"; \tmso-padding-alt:0cm 5.4pt 0cm 5.4pt; \tmso-para-margin-top:0cm; \tmso-para-margin-right:0cm; \tmso-para-margin-bottom:10.0pt; \tmso-para-margin-left:0cm; \tline-height:115%; \tmso-pagination:widow-orphan; \tfont-size:11.0pt; \tfont-family:\"Calibri\",\"sans-serif\"; \tmso-ascii-font-family:Calibri; \tmso-ascii-theme-font:minor-latin; \tmso-fareast-font-family:\"Times New Roman\"; \tmso-fareast-theme-font:minor-fareast; \tmso-hansi-font-family:Calibri; \tmso-hansi-theme-font:minor-latin;} --><\/p>\n<p><!--[endif]-->Sous forme de petite le\u00e7on d&rsquo;arithm\u00e9tique:<\/p>\n<p>&#8211; La discussion sur Hadopi va se tenir \u00e0 partir du 4 mars (<a href=\"http:\/\/www.ecrans.fr\/Creation-et-Internet-Finalement-ce,6511.html\" target=\"_blank\" rel=\"noopener noreferrer\">Cr\u00e9ation et Internet\u00a0: Finalement, le 4 mars \u00e0 l\u2019Assembl\u00e9e Nationale<\/a>)<\/p>\n<p>&#8211; Elle sera pr\u00e9c\u00e9d\u00e9e par des tables rondes<\/p>\n<blockquote><p>Organis\u00e9e par l&rsquo;UMP. Jean-Fran\u00e7ois Cop\u00e9, pr\u00e9sident du groupe \u00e0 l\u2019Assembl\u00e9e Nationale, et les d\u00e9put\u00e9s de la majorit\u00e9 organisent une s\u00e9rie de trois tables rondes autour du projet de loi. Contact\u00e9s, les organisateurs nous ont cit\u00e9 une table ronde d\u00e9di\u00e9e au cin\u00e9ma, une \u00e0 la musique, l\u2019autre sur l\u2019audiovisuel. Les d\u00e9bats seront anim\u00e9s par Franck Riester, qui est aussi rapporteur du texte (photo). \u00ab Cette r\u00e9union permettra de dialoguer avec les diff\u00e9rents professionnels sur l\u2019\u00e9volution et les enjeux de leurs m\u00e9tiers, dans un contexte technologique boulevers\u00e9. \u00bb <a href=\"http:\/\/www.pcinpact.com\/actu\/news\/49381-christine-albanel-franck-riester-mars.htm\" target=\"_blank\" rel=\"noopener noreferrer\">PC inpact &#8211; <span class=\"newstitreor\"><span style=\"text-decoration: none;\">Hadopi : l&rsquo;examen de la loi antipiratage d\u00e9butera le 4 mars<\/span><\/span><\/a><\/p><\/blockquote>\n<blockquote><p><span class=\"newstitreor\">&#8211;<\/span> \u00ab\u00a0Est puni de dix ans d&#8217;emprisonnement et de 150000 euros d&rsquo;amende le fait, par une personne (\u2026) investie d&rsquo;un mandat \u00e9lectif public, (\u2026) d&rsquo;agr\u00e9er, sans droit, \u00e0 tout moment, directement ou indirectement, des offres, des promesses, des dons, des pr\u00e9sents ou des avantages quelconques\u00a0: (\u2026) Soit pour accomplir ou s&rsquo;abstenir d&rsquo;accomplir un acte de sa fonction, de sa mission ou de son mandat ou facilit\u00e9 par sa fonction, sa mission ou son mandat.\u00a0\u00bb Article 432-11 du Code p\u00e9nal r\u00e9primant le trafic d&rsquo;influence.<\/p><\/blockquote>\n<p>Je vous laisse faire le calcul vendu &#8230;.<\/p>\n<p>Si cela \u00e9tait seulement dr\u00f4le \ud83d\ude41<\/p>\n<p class=\"MsoNormal\">\n<p><a href=\"http:\/\/www.pcinpact.com\/actu\/news\/49381-christine-albanel-franck-riester-mars.htm\" target=\"_blank\" rel=\"noopener noreferrer\"><\/a><\/p>\n<div id=\"themify_builder_content-2314\" data-postid=\"2314\" class=\"themify_builder_content themify_builder_content-2314 themify_builder\">\n    <\/div>\n<!-- \/themify_builder_content -->\n","protected":false},"excerpt":{"rendered":"<p>Sous forme de petite le\u00e7on d&rsquo;arithm\u00e9tique: &#8211; La discussion sur Hadopi va se tenir \u00e0 partir du 4 mars (Cr\u00e9ation et Internet\u00a0: Finalement, le 4 mars \u00e0 l\u2019Assembl\u00e9e Nationale) &#8211; Elle sera pr\u00e9c\u00e9d\u00e9e par des tables rondes Organis\u00e9e par l&rsquo;UMP. Jean-Fran\u00e7ois Cop\u00e9, pr\u00e9sident du groupe \u00e0 l\u2019Assembl\u00e9e Nationale, et les d\u00e9put\u00e9s de la majorit\u00e9 organisent [&hellip;]<\/p>\n","protected":false},"author":2,"featured_media":0,"comment_status":"open","ping_status":"open","sticky":false,"template":"","format":"standard","meta":{"footnotes":""},"categories":[3],"tags":[73,1010,1260,1676,1831,3886],"class_list":["post-2314","post","type-post","status-publish","format-standard","hentry","category-sd-usages","tag-4-mars","tag-deputes","tag-exament","tag-hadopi","tag-influence","tag-trafic","has-post-title","has-post-date","has-post-category","has-post-tag","has-post-comment","has-post-author",""],"builder_content":"","_links":{"self":[{"href":"https:\/\/stanetdam.com\/index.php?rest_route=\/wp\/v2\/posts\/2314","targetHints":{"allow":["GET"]}}],"collection":[{"href":"https:\/\/stanetdam.com\/index.php?rest_route=\/wp\/v2\/posts"}],"about":[{"href":"https:\/\/stanetdam.com\/index.php?rest_route=\/wp\/v2\/types\/post"}],"author":[{"embeddable":true,"href":"https:\/\/stanetdam.com\/index.php?rest_route=\/wp\/v2\/users\/2"}],"replies":[{"embeddable":true,"href":"https:\/\/stanetdam.com\/index.php?rest_route=%2Fwp%2Fv2%2Fcomments&post=2314"}],"version-history":[{"count":0,"href":"https:\/\/stanetdam.com\/index.php?rest_route=\/wp\/v2\/posts\/2314\/revisions"}],"wp:attachment":[{"href":"https:\/\/stanetdam.com\/index.php?rest_route=%2Fwp%2Fv2%2Fmedia&parent=2314"}],"wp:term":[{"taxonomy":"category","embeddable":true,"href":"https:\/\/stanetdam.com\/index.php?rest_route=%2Fwp%2Fv2%2Fcategories&post=2314"},{"taxonomy":"post_tag","embeddable":true,"href":"https:\/\/stanetdam.com\/index.php?rest_route=%2Fwp%2Fv2%2Ftags&post=2314"}],"curies":[{"name":"wp","href":"https:\/\/api.w.org\/{rel}","templated":true}]}}