{"id":2254,"date":"2009-02-25T09:43:04","date_gmt":"2009-02-25T08:43:04","guid":{"rendered":"http:\/\/www.stanetdam.com\/?p=2254"},"modified":"2009-02-25T09:43:04","modified_gmt":"2009-02-25T08:43:04","slug":"identite-numerique-e-reputation-barcamp-le-4-avril","status":"publish","type":"post","link":"https:\/\/stanetdam.com\/?p=2254","title":{"rendered":"Identit\u00e9 num\u00e9rique : e-reputation barcamp le 4 avril"},"content":{"rendered":"<p><img loading=\"lazy\" decoding=\"async\" class=\"alignnone\" title=\"barcamp e-reputation\" src=\"http:\/\/altaide.typepad.com\/.a\/6a00d83451e4be69e201116891af8c970c-200wi\" alt=\"\" width=\"200\" height=\"75\" \/>A l&rsquo;heure o\u00f9 Facebook pose tellement de <a href=\"http:\/\/fr.readwriteweb.com\/2008\/12\/08\/analyse\/envoye-special-sur-facebook-1ere-partie-lecture-critique\/\" target=\"_blank\" rel=\"noopener noreferrer\">questions aux journalistes<\/a> mais aussi \u00e0 ses membres (suite, par exemple, \u00e0 la <a href=\"http:\/\/www.zdnet.fr\/actualites\/internet\/0,39020774,39387234,00.htm\" target=\"_blank\" rel=\"noopener noreferrer\">modification de ses CGU<\/a>), la question de l&rsquo;identit\u00e9 num\u00e9rique et la e-r\u00e9putation n&rsquo;ont jamais \u00e9t\u00e9 aussi d&rsquo;actualit\u00e9. Il \u00e9tait donc opportun d&rsquo;organiser un BarCamp sur le sujet, ce sera le cas le 4 avril 2009 \u00e0 <a href=\"http:\/\/www.lacantine.org\" target=\"_blank\" rel=\"noopener noreferrer\">la Cantine<\/a> \u00e0 Paris de 12h30 \u00e0 21h.<\/p>\n<p>Le but de cette journ\u00e9e est de m\u00e9langer des experts, des entreprises, des juristes et passionn\u00e9s d&rsquo;e-reputation afin de synth\u00e9tiser sur espace de travail l&rsquo;ensemble des informations et r\u00e9flexions collect\u00e9es en fin de journ\u00e9e. Cela se d\u00e9roulera sous un format BarCamp \u00e0 savoir : une non-conf\u00e9rence ouverte \u00e0 tous o\u00f9 tout le monde est participant et contributeur \u00e0 la fois.<br \/>\n<strong>Quelques th\u00e8mes qui seront abord\u00e9s (liste non exhaustive, sujets \u00e0 proposer en ligne ou sur la place le 4) :<\/strong><br \/>\n\u00a01. E-reputation : d\u00e9bat public ou priv\u00e9 ?\u00a0<br \/>\n\u00a02. Certification d&rsquo;identit\u00e9 virtuelle : qui s&rsquo;en occupe ?\u00a0<br \/>\n\u00a03. G\u00e8re t&rsquo;on de mani\u00e8re diff\u00e9rente l&rsquo;e-r\u00e9putation d&rsquo;une personne et d&rsquo;une entreprise?\u00a0<br \/>\n\u00a04. Interop\u00e9rabilit\u00e9 des plateformes pour transfert de donn\u00e9es associ\u00e9es \u00e0 son profil (Techno Open Social, API, Widget Facebook&#8230;) o\u00f9 en est t&rsquo;on ?\u00a0<br \/>\n\u00a05. Arriv\u00e9e des digital natives = m\u00e9tamorphose d&rsquo;un profil amical en profil professionnel. Comment g\u00e9rer la zone tampon d&rsquo;une e-reputation en cours de certification ?\u00a0<br \/>\n\u00a06. Comment l&rsquo;e-reputation va transformer l&rsquo;entreprise de demain ?\u00a0<br \/>\n\u00a07. Ressources Humaines \/ Communication RH : Qu&rsquo;est ce qu&rsquo;une marque-employeur ? Comment mesure t-on une marque employeur ? Les moyens\/outils pour g\u00e9rer sa r\u00e9putation ?\u00a0<\/p>\n<p><strong>Pour Participer<\/strong>\u00a0(c&rsquo;est avant tout un workshop donc tous les participants sont actifs et peuvent proposer des ateliers)\u00a0<a href=\"http:\/\/www.e-reputation.tv\/reservations.php\">inscrivez vous ici<\/a>.<\/p>\n<p>Il existe aussi <a href=\"http:\/\/barcamp.org\/EreputationCamp\" target=\"_blank\" rel=\"noopener noreferrer\">un wiki de l&rsquo;\u00e9v\u00e8nement<\/a>. Et merci par avance \u00e0 <a href=\"http:\/\/www.altaide.com\/\" target=\"_blank\" rel=\"noopener noreferrer\">Alta\u00efde<\/a> pour les t-shirts \ud83d\ude09<\/p>\n<div id=\"themify_builder_content-2254\" data-postid=\"2254\" class=\"themify_builder_content themify_builder_content-2254 themify_builder\">\n    <\/div>\n<!-- \/themify_builder_content -->\n","protected":false},"excerpt":{"rendered":"<p>A l&rsquo;heure o\u00f9 Facebook pose tellement de questions aux journalistes mais aussi \u00e0 ses membres (suite, par exemple, \u00e0 la modification de ses CGU), la question de l&rsquo;identit\u00e9 num\u00e9rique et la e-r\u00e9putation n&rsquo;ont jamais \u00e9t\u00e9 aussi d&rsquo;actualit\u00e9. Il \u00e9tait donc opportun d&rsquo;organiser un BarCamp sur le sujet, ce sera le cas le 4 avril 2009 [&hellip;]<\/p>\n","protected":false},"author":3,"featured_media":0,"comment_status":"open","ping_status":"open","sticky":false,"template":"","format":"standard","meta":{"footnotes":""},"categories":[1],"tags":[390,1132,1789],"class_list":["post-2254","post","type-post","status-publish","format-standard","hentry","category-uncategorized","tag-barcamp","tag-e-reputation","tag-identite-numerique","has-post-title","has-post-date","has-post-category","has-post-tag","has-post-comment","has-post-author",""],"builder_content":"","_links":{"self":[{"href":"https:\/\/stanetdam.com\/index.php?rest_route=\/wp\/v2\/posts\/2254","targetHints":{"allow":["GET"]}}],"collection":[{"href":"https:\/\/stanetdam.com\/index.php?rest_route=\/wp\/v2\/posts"}],"about":[{"href":"https:\/\/stanetdam.com\/index.php?rest_route=\/wp\/v2\/types\/post"}],"author":[{"embeddable":true,"href":"https:\/\/stanetdam.com\/index.php?rest_route=\/wp\/v2\/users\/3"}],"replies":[{"embeddable":true,"href":"https:\/\/stanetdam.com\/index.php?rest_route=%2Fwp%2Fv2%2Fcomments&post=2254"}],"version-history":[{"count":0,"href":"https:\/\/stanetdam.com\/index.php?rest_route=\/wp\/v2\/posts\/2254\/revisions"}],"wp:attachment":[{"href":"https:\/\/stanetdam.com\/index.php?rest_route=%2Fwp%2Fv2%2Fmedia&parent=2254"}],"wp:term":[{"taxonomy":"category","embeddable":true,"href":"https:\/\/stanetdam.com\/index.php?rest_route=%2Fwp%2Fv2%2Fcategories&post=2254"},{"taxonomy":"post_tag","embeddable":true,"href":"https:\/\/stanetdam.com\/index.php?rest_route=%2Fwp%2Fv2%2Ftags&post=2254"}],"curies":[{"name":"wp","href":"https:\/\/api.w.org\/{rel}","templated":true}]}}