{"id":2191,"date":"2009-02-17T14:20:45","date_gmt":"2009-02-17T13:20:45","guid":{"rendered":"http:\/\/www.stanetdam.com\/?p=2191"},"modified":"2009-02-17T14:20:45","modified_gmt":"2009-02-17T13:20:45","slug":"hadopi-ne-servira-a-rien-sauf-a-restreindre-les-libertes-publiques","status":"publish","type":"post","link":"https:\/\/stanetdam.com\/?p=2191","title":{"rendered":"Hadopi ne servira \u00e0 rien, sauf \u00e0 restreindre les libert\u00e9s publiques"},"content":{"rendered":"<p>Chez Stan&amp;Dam, on n&rsquo;aime pas Hadopi, et plus exactement la loi \u00ab\u00a0Cr\u00e9ation et Internet\u00a0\u00bb. C&rsquo;est une gu\u00e9rilla sans merci que se livre d\u00e9sormais monde de l&rsquo;internet farouchement oppos\u00e9 \u00e0 cette loi inique, et les repr\u00e9sentants bien install\u00e9s des lobbies musicaux, cin\u00e9matographiques, presse\u00a0et j&rsquo;en passe.<\/p>\n<p>Probl\u00e8me : les m\u00e9dias \u00ab\u00a0traditionnels\u00a0\u00bb, qui touchent encore une tr\u00e8s grande majorit\u00e9 de fran\u00e7ais (et notamment ceux qui n&rsquo;y comprennent pas grand chose), crient aussi \u00e0 l&rsquo;extinction de la cr\u00e9ation, au ch\u00f4mage massif pour des milliers de personnes, \u00e0 l&rsquo;effondrement de l&rsquo;\u00e9conomie des m\u00e9dias, \u00e0\u00a0la perte\u00a0de la valeur percue des oeuvres culturelles. Moralit\u00e9, l&rsquo;impact est grand, notamment quand un Luc Besson prend la parole pour raconter des inepsies au kilom\u00e8tre.<\/p>\n<p><!--more-->Et de m\u00e9langer joyeusement \u00e0 cela le d\u00e9ficit de protection des donn\u00e9es personnelles, les pr\u00e9dateurs qui r\u00f4dent dans l&rsquo;ombre des r\u00e9seaux, bref une s\u00e9rie de reportages \u00e0 charge relevant d&rsquo;une totale m\u00e9connaissance du sujet et une diabolisation totale et globale de ce mal impalpable qu&rsquo;est internet.<\/p>\n<p>Certains journalistes ont en revanche bien compris comment faire du bruit autour de cela, emboitant de fait la rh\u00e9torique gouvernementalobbiesque, en agitant le spectre de\u00a0la peur plut\u00f4t\u00a0que de construire intelligemment un argumentaire nuanc\u00e9 et posant les vraies questions (l&rsquo;impact r\u00e9el du t\u00e9l\u00e9chargement ill\u00e9gal, l&rsquo;existence embryonnaire d&rsquo;offres l\u00e9gales int\u00e9rop\u00e9rables, la\u00a0Net neutrality, la Free Culture, la remise en cause du droit \u00e0 la copie priv\u00e9e, la r\u00e9forme des droits d&rsquo;auteurs, l&rsquo;\u00e9volution des usages li\u00e9s au num\u00e9rique, la dynamique \u00e9conomique nouvelle engendr\u00e9e par la diffusion num\u00e9rique des contenus).<\/p>\n<p>Oure une m\u00e9thode qui peut s&rsquo;apparenter \u00e0\u00a0la technique habituelle des extr\u00eames afin de provoquer le chaos et imposer un ordre \u00e9tabli de nature dictatorial, la tournure que prennent les choses commence \u00e0 fortement ressembler \u00e0 un proc\u00e8s en sorcellerie o\u00f9 l&rsquo;on finir par br\u00fbler les r\u00e9seaux et revenir \u00e0 l&rsquo;\u00e8re \u00ab\u00a0maitris\u00e9e\u00a0\u00bb\u00a0du Minitel. Je n&rsquo;exag\u00e8re pas.\u00a0<\/p>\n<p>D\u00e9sormais <a href=\"http:\/\/www.universfreebox.com\/article7226.html\" target=\"_blank\" rel=\"noopener noreferrer\">Vivendi annonce officiellement que \u00ab\u00a0la fibre ne sert \u00e0 rien\u00a0\u00bb<\/a>, et trouve pour justification \u00e0 des investissements trop \u00e9lev\u00e9s le fait que \u00ab\u00a0cela va encourager le t\u00e9l\u00e9chargement ill\u00e9gal de films\u00a0\u00bb. C&rsquo;est ce\u00a0m\u00eame op\u00e9rateur <a href=\"http:\/\/fibre-optique.sfr.fr\/avantages-fibre-optique\/\" target=\"_blank\" rel=\"noopener noreferrer\">qui vante sur son site internet les bienfaits <\/a>de cette technologie en expliquant que cela permettra de \u00ab\u00a0t\u00e9l\u00e9charger quasi-instantan\u00e9ment (fichiers, vid\u00e9o, musique&#8230;) (&#8230;) en vous permettant d&rsquo;envoyer en un temps record vos propres contenus.<\/p>\n<p>Mon Dieu ! Nous allons faire de tous les fran\u00e7ais des contre-facteurs ! Vite, arr\u00eatons nous avant qu&rsquo;il ne soit trop tard ! Avec un raisonnement pareil, nous n&rsquo;aurions pas de livres aujourd&rsquo;hui, encore moins de CD, ressortons nos modems 56K et l&rsquo;affaire sera finie. Et pour \u00eatre bien sur de mettre tout le monde en hibernation pour les\u00a010 ans \u00e0 venir (le temps que les personnes en place prennent leur retraite ou changent de secteur d&rsquo;activit\u00e9), rajoutons \u00e0 cela une loi liberticide (flicage g\u00e9n\u00e9ralis\u00e9 de tous les utilisateurs d&rsquo;internet avec impossibilit\u00e9 pour eux, si accusation de t\u00e9l\u00e9chargement ill\u00e9gal, de v\u00e9rifier le bien-fond\u00e9 de celle-ci).<\/p>\n<p>C&rsquo;est grave. Tr\u00e8s grave. Un tel manque de vision globale\u00a0est d\u00e9sarmant. L&rsquo;impact de la \u00ab\u00a0nouvelle \u00e9conomie\u00a0\u00bb \u00e9tait donc vrai, on le savait mais les acteurs n&rsquo;ont rien fait pour s&rsquo;y adapter (9 ans depuis la bulle internet, \u00e7a ne devait pas \u00eatre asssez long). Se drapant dans leur morgue, ils ont alors fait le choix de ne pas \u00e9voluer et de ressembler \u00e0 terme (maintenant donc) aux mines de Lorraine. \u00ab\u00a0Pas grave, on fera appel \u00e0 l&rsquo;Etat !\u00a0\u00bb. Effectivement, le sc\u00e9nario se r\u00e9p\u00e8te, mais cette fois-ci ce n&rsquo;est pas une aide \u00e9conomique qui est pr\u00e9vue mais une r\u00e9gulation l\u00e9gislative bas\u00e9e sur le principe cher \u00e0 notre Pr\u00e9sident : \u00ab\u00a0Si vous n&rsquo;avez rien \u00e0 vous reprocher, vous n&rsquo;avez rien \u00e0 craindre\u00a0\u00bb.<\/p>\n<p>Pour m\u00e9moire, Numerama rappelle les 10 raisons qui font de la loi en pr\u00e9paration un danger pour les libert\u00e9s et un \u00e9chec attendu, n&rsquo;ayant pour effet que de rigidifier l&rsquo;\u00e9cosyst\u00e8me de l&rsquo;internet, et nous mettre \u00e0 la tra\u00eene des pays \u00ab\u00a0\u00e9clair\u00e9s\u00a0\u00bb. Alors que l&rsquo;occasion pourrait \u00eatre de prendre de nouvelles directions, innovantes, audacieuses, \u00ab\u00a0en rupture\u00a0\u00bb, nous d\u00e9cidons de rester dans le noir de la caverne en nous emmurant.<\/p>\n<p style=\"text-align: center;\">[dailymotion x74qqg_10-raisons-de-rejeter-loi-creation_news nolink]<\/p>\n","protected":false},"excerpt":{"rendered":"<p>Chez Stan&amp;Dam, on n&rsquo;aime pas Hadopi, et plus exactement la loi \u00ab\u00a0Cr\u00e9ation et Internet\u00a0\u00bb. C&rsquo;est une gu\u00e9rilla sans merci que se livre d\u00e9sormais monde de l&rsquo;internet farouchement oppos\u00e9 \u00e0 cette loi inique, et les repr\u00e9sentants bien install\u00e9s des lobbies musicaux, cin\u00e9matographiques, presse\u00a0et j&rsquo;en passe. Probl\u00e8me : les m\u00e9dias \u00ab\u00a0traditionnels\u00a0\u00bb, qui touchent encore une tr\u00e8s grande [&hellip;]<\/p>\n","protected":false},"author":3,"featured_media":0,"comment_status":"open","ping_status":"open","sticky":false,"template":"","format":"standard","meta":{"footnotes":""},"categories":[3],"tags":[175,911,1676,2216,2826,2980,3759],"class_list":["post-2191","post","type-post","status-publish","format-standard","hentry","category-sd-usages","tag-albanel","tag-creation-et-internet","tag-hadopi","tag-libertes","tag-p2p","tag-piratage","tag-telechargement","has-post-title","has-post-date","has-post-category","has-post-tag","has-post-comment","has-post-author",""],"builder_content":"","_links":{"self":[{"href":"https:\/\/stanetdam.com\/index.php?rest_route=\/wp\/v2\/posts\/2191","targetHints":{"allow":["GET"]}}],"collection":[{"href":"https:\/\/stanetdam.com\/index.php?rest_route=\/wp\/v2\/posts"}],"about":[{"href":"https:\/\/stanetdam.com\/index.php?rest_route=\/wp\/v2\/types\/post"}],"author":[{"embeddable":true,"href":"https:\/\/stanetdam.com\/index.php?rest_route=\/wp\/v2\/users\/3"}],"replies":[{"embeddable":true,"href":"https:\/\/stanetdam.com\/index.php?rest_route=%2Fwp%2Fv2%2Fcomments&post=2191"}],"version-history":[{"count":0,"href":"https:\/\/stanetdam.com\/index.php?rest_route=\/wp\/v2\/posts\/2191\/revisions"}],"wp:attachment":[{"href":"https:\/\/stanetdam.com\/index.php?rest_route=%2Fwp%2Fv2%2Fmedia&parent=2191"}],"wp:term":[{"taxonomy":"category","embeddable":true,"href":"https:\/\/stanetdam.com\/index.php?rest_route=%2Fwp%2Fv2%2Fcategories&post=2191"},{"taxonomy":"post_tag","embeddable":true,"href":"https:\/\/stanetdam.com\/index.php?rest_route=%2Fwp%2Fv2%2Ftags&post=2191"}],"curies":[{"name":"wp","href":"https:\/\/api.w.org\/{rel}","templated":true}]}}