{"id":2182,"date":"2009-02-17T14:05:32","date_gmt":"2009-02-17T13:05:32","guid":{"rendered":"http:\/\/www.stanetdam.com\/?p=2182"},"modified":"2009-02-17T14:05:32","modified_gmt":"2009-02-17T13:05:32","slug":"piratage-comment-preparer-lopinion-pour-le-4-mars","status":"publish","type":"post","link":"https:\/\/stanetdam.com\/?p=2182","title":{"rendered":"Piratage &#8211; comment pr\u00e9parer l&rsquo;opinion pour le 4 mars"},"content":{"rendered":"<p>Dans la s\u00e9rie je vais matraquer Madame Michu pour lui faire comprendre que le net c&rsquo;est rien que des pirates: Vivendi et sa fibre qui ne sert \u00e0 rien, Olivier Bomsel et l&rsquo;economie du net qui repose sur le piratage enfin Christine Albanel qui raconte n&rsquo;importe quoi.<\/p>\n<p>Ca promet<\/p>\n<p><!--more--><\/p>\n<p>&#8211; C&rsquo;est Vivendi qui s&rsquo;y colle et de nous expliquer que la fibre ne sert \u00e0 rien si ce n&rsquo;est permettre de pirater plus et plus gros &#8230; bien sur ! <a href=\"http:\/\/www.pcinpact.com\/actu\/news\/49109-fibre-optique-usage-vivendi-universal.htm\" target=\"_blank\" rel=\"noopener noreferrer\">\u00ab\u00a0Vivendi &#8230;la fibre ca ne sert \u00e0 rien\u00a0\u00bb sur PC impact<\/a><br \/>\nEvidemment, les commentaires et les propositions ont fus\u00e9 sur le PC inpact. Ce dernier propose alors un vivenditon (<span class=\"news_titre_or\"><a href=\"http:\/\/www.pcinpact.com\/actu\/news\/49113-fibre-optique-utilite-vivendi-universal.htm\" target=\"_blank\" rel=\"noopener noreferrer\">Aidons Vivendi \u00e0 trouver une utilit\u00e9 \u00e0 la fibre optique<\/a>) <\/span> puis surtout des propositions concretes (<span class=\"news_titre_or\"><a href=\"http:\/\/www.pcinpact.com\/actu\/news\/49141-fibre-optique-vivendi-idees-lecteurs2.htm\" target=\"_blank\" rel=\"noopener noreferrer\">Vivendithon : que faire avec la fibre ? Les id\u00e9es des lecteurs<\/a>)<\/span>. Savourez les commentaires et dites vous que bientot nous serons tous dans un monde meilleur !!!!<br \/>\nVivendi, en son porte parole, aurait vraiment mieux fait de ne rien dire ce jour l\u00e0 parce qu&rsquo;il a d\u00e9pass\u00e9 le mur du \u00e7on (trademark canard enchain\u00e9)<\/p>\n<p style=\"text-align: center;\"><img loading=\"lazy\" decoding=\"async\" class=\"aligncenter\" style=\"border: 0pt none;\" title=\"fiber_green.png\" src=\"\/wp-content\/uploads\/stanetdamv2\/fiber_green.png\" border=\"0\" alt=\"fiber_green.png\" width=\"218\" height=\"168\" \/><\/p>\n<p class=\"s361\">&#8211; C&rsquo;est aussi un rapporteur du projet Olivenne (oui le patron de la Fnac qui de par sa position est d&rsquo;une objectivit\u00e9 sans failles), <a href=\"http:\/\/www.cerna.ensmp.fr\/bomsel\/\" target=\"_blank\" rel=\"noopener noreferrer\">Olivier Bomsel<\/a> qui nous explique comment toute l&rsquo;industrie informatique et des telecoms s&rsquo;est \u00e9difi\u00e9e sur le piratage (<a href=\"http:\/\/www.e24.fr\/hightech\/ittelecom\/article58288.ece\" target=\"_blank\" rel=\"noopener noreferrer\">\u00ab\u00a0Le piratage a subventionn\u00e9 toute l&rsquo;industrie d&rsquo;Internet\u00a0\u00bbsur e24<\/a>). C&rsquo;est vraique le eeePC, c&rsquo;est fait pour pirater. L&rsquo;ADSL aussi non ? A la base, c&rsquo;etait surtout agr\u00e9able de rester connecter 24\/24 sans payer \u00e0 la minute et engraisser l&rsquo;op\u00e9rateur historique. Et les NAS, c&rsquo;est fait pour stocker les fichiers du malin. Les SSD pour pirater plus vite. Pareil pour la m\u00e9moire ou les processeurs. A lire Olivier Bomsel, il faut vraiment se demander o\u00f9 est l&rsquo;obj\u00e9ctivit\u00e9, o\u00f9 commence le lobying et ou termine la pure mauvaise fois.<\/p>\n<p style=\"text-align: center;\"><img loading=\"lazy\" decoding=\"async\" class=\"aligncenter\" style=\"border: 0pt none;\" title=\"emule-serveurs_1.png\" src=\"\/wp-content\/uploads\/stanetdamv2\/emule-serveurs_1.png\" border=\"0\" alt=\"emule-serveurs_1.png\" width=\"382\" height=\"239\" \/><\/p>\n<p style=\"text-align: left;\">N&rsquo;oubliez pas qu&rsquo;aujourd&rsquo;hui, Madame Albanel va d\u00e9fendre son texte devant le benjamin de l&rsquo;assembl\u00e9 (sic) <a href=\"http:\/\/www.assemblee-nationale.fr\/13\/commissions\/commissionsdirect.asp\" target=\"_blank\" rel=\"noopener noreferrer\">ca se regarde en streaming sur le site de l&rsquo;Assembl\u00e9e Nationale<\/a> (mais bon on sait d\u00e9j\u00e0 que Nicolas S a d\u00e9cid\u00e9 que ca passerais le 4 mars. Vive la r\u00e9publique et vive la France).<br \/>\nAutant, on ne doute pas de la docilit\u00e9 des l&rsquo;Assembl\u00e9e\u00a0 Nationale et du S\u00e9nat. Autant, il sera beaucoup moins ais\u00e9 de museler les d\u00e9put\u00e9s Europ\u00e9ens.(<a href=\"http:\/\/www.stanetdam.com\/piratage-mort-de-la-ripose-graduee-a-la-francaise\/\" target=\"_self\" rel=\"noopener noreferrer\">Souvenez-vous de l&rsquo;amendement 138<\/a>). Visiblement, Malcom Harbour a d\u00e9cid\u00e9 de revenir \u00e0 la charge et d&rsquo;expliquer que la riposte gradu\u00e9e n&rsquo;avait rien \u00e0 faire dans le paquet telecom (<span class=\"news_titre_or\"><a href=\"http:\/\/www.pcinpact.com\/actu\/news\/49133-christine-albanel-amendement-138-harbor.htm\" target=\"_blank\" rel=\"noopener noreferrer\">Europe : le retour de l&rsquo;amendement antiriposte gradu\u00e9e<\/a>)<\/span><\/p>\n<p style=\"text-align: center;\"><span class=\"news_titre_or\"><a href=\"http:\/\/karinevillard.over-blog.com\/article-26644274-6.html\"><img loading=\"lazy\" decoding=\"async\" class=\"aligncenter\" style=\"border: 0pt none;\" title=\"christine_albanel_JOCONDE.jpg\" src=\"\/wp-content\/uploads\/stanetdamv2\/christine_albanel_JOCONDE.jpg\" border=\"0\" alt=\"christine_albanel_JOCONDE.jpg\" width=\"215\" height=\"303\" \/><\/a><br \/>\n<\/span><\/p>\n<p><span class=\"news_titre_or\">Vu la mani\u00e8re dont est trait\u00e9 le dossier \u00ab\u00a0piratage sur internet\u00a0\u00bb &#8230; (copinage, pression de lobby, incompr\u00e9hension technique et j&rsquo;en passe). On est en droit de se poser des questions sur d&rsquo;autres sujets encore plus sensibles comme la sant\u00e9 (r\u00e9forme de l&rsquo;hopital et de la medecine de ville) et la justice. Quoi que &#8230; on en a d\u00e9j\u00e0 des id\u00e9es sur la capacit\u00e9 et la volont\u00e9.<br \/>\n<\/span><\/p>\n","protected":false},"excerpt":{"rendered":"<p>Dans la s\u00e9rie je vais matraquer Madame Michu pour lui faire comprendre que le net c&rsquo;est rien que des pirates: Vivendi et sa fibre qui ne sert \u00e0 rien, Olivier Bomsel et l&rsquo;economie du net qui repose sur le piratage enfin Christine Albanel qui raconte n&rsquo;importe quoi. Ca promet<\/p>\n","protected":false},"author":2,"featured_media":0,"comment_status":"open","ping_status":"open","sticky":false,"template":"","format":"standard","meta":{"footnotes":""},"categories":[3],"tags":[104,495,1346,1635,1676,1683,2338,2765,2903,2980,3270,3272,4067],"class_list":["post-2182","post","type-post","status-publish","format-standard","hentry","category-sd-usages","tag-ablanel","tag-bomsel","tag-fibre","tag-graduee","tag-hadopi","tag-harbour","tag-malcolmn","tag-olivier","tag-pcinpact","tag-piratage","tag-riposte","tag-riposte-graduee","tag-vivendi","has-post-title","has-post-date","has-post-category","has-post-tag","has-post-comment","has-post-author",""],"builder_content":"","_links":{"self":[{"href":"https:\/\/stanetdam.com\/index.php?rest_route=\/wp\/v2\/posts\/2182","targetHints":{"allow":["GET"]}}],"collection":[{"href":"https:\/\/stanetdam.com\/index.php?rest_route=\/wp\/v2\/posts"}],"about":[{"href":"https:\/\/stanetdam.com\/index.php?rest_route=\/wp\/v2\/types\/post"}],"author":[{"embeddable":true,"href":"https:\/\/stanetdam.com\/index.php?rest_route=\/wp\/v2\/users\/2"}],"replies":[{"embeddable":true,"href":"https:\/\/stanetdam.com\/index.php?rest_route=%2Fwp%2Fv2%2Fcomments&post=2182"}],"version-history":[{"count":0,"href":"https:\/\/stanetdam.com\/index.php?rest_route=\/wp\/v2\/posts\/2182\/revisions"}],"wp:attachment":[{"href":"https:\/\/stanetdam.com\/index.php?rest_route=%2Fwp%2Fv2%2Fmedia&parent=2182"}],"wp:term":[{"taxonomy":"category","embeddable":true,"href":"https:\/\/stanetdam.com\/index.php?rest_route=%2Fwp%2Fv2%2Fcategories&post=2182"},{"taxonomy":"post_tag","embeddable":true,"href":"https:\/\/stanetdam.com\/index.php?rest_route=%2Fwp%2Fv2%2Ftags&post=2182"}],"curies":[{"name":"wp","href":"https:\/\/api.w.org\/{rel}","templated":true}]}}