{"id":1982,"date":"2009-01-26T16:06:33","date_gmt":"2009-01-26T15:06:33","guid":{"rendered":"http:\/\/www.stanetdam.com\/?p=1982"},"modified":"2009-01-26T16:06:33","modified_gmt":"2009-01-26T15:06:33","slug":"obama-chante-pour-tony-jazz","status":"publish","type":"post","link":"https:\/\/stanetdam.com\/?p=1982","title":{"rendered":"Obama chante pour Tony Jazz"},"content":{"rendered":"<p>Tony Jazz est musicien et producteur fran\u00e7ais, se baladant des deux c\u00f4t\u00e9s de l&rsquo;Atlantique \u00e0 la recherche du juste tempo.<\/p>\n<p>J&rsquo;ai eu\u00a0le plaisir de rencontrer plusieurs fois, et il vient de produire un superbe clip noir et blanc o\u00f9 Obama chante pour lui&#8230; A d\u00e9guster sans mod\u00e9ration.<\/p>\n<p><span style=\"text-decoration: underline;\"><a rel=\"nofollow noopener noreferrer\" href=\"http:\/\/www.facebook.com\/l.php?u=http%3A%2F%2Ffr.youtube.com%2Fwatch%3Fv%3DFl1KoXDkouA&amp;h=f678d183a5c9b3b98439dc674168ed50\" target=\"_blank\"><\/a><\/span><\/p>\n<p><a rel=\"nofollow noopener noreferrer\" href=\"http:\/\/www.facebook.com\/l.php?u=http%3A%2F%2Ffr.youtube.com%2Fwatch%3Fv%3DFl1KoXDkouA&amp;h=f678d183a5c9b3b98439dc674168ed50\" target=\"_blank\"><\/a><\/p>\n<p><a rel=\"nofollow noopener noreferrer\" href=\"http:\/\/www.facebook.com\/l.php?u=http%3A%2F%2Ffr.youtube.com%2Fwatch%3Fv%3DFl1KoXDkouA&amp;h=f678d183a5c9b3b98439dc674168ed50\" target=\"_blank\"><\/a><\/p>\n<p style=\"text-align: center; \"><a rel=\"nofollow noopener noreferrer\" href=\"http:\/\/www.facebook.com\/l.php?u=http%3A%2F%2Ffr.youtube.com%2Fwatch%3Fv%3DFl1KoXDkouA&amp;h=f678d183a5c9b3b98439dc674168ed50\" target=\"_blank\">[youtube Fl1KoXDkouA]<\/a><\/p>\n<div id=\"themify_builder_content-1982\" data-postid=\"1982\" class=\"themify_builder_content themify_builder_content-1982 themify_builder\">\n    <\/div>\n<!-- \/themify_builder_content -->\n","protected":false},"excerpt":{"rendered":"<p>Tony Jazz est musicien et producteur fran\u00e7ais, se baladant des deux c\u00f4t\u00e9s de l&rsquo;Atlantique \u00e0 la recherche du juste tempo. J&rsquo;ai eu\u00a0le plaisir de rencontrer plusieurs fois, et il vient de produire un superbe clip noir et blanc o\u00f9 Obama chante pour lui&#8230; A d\u00e9guster sans mod\u00e9ration. [youtube Fl1KoXDkouA]<\/p>\n","protected":false},"author":3,"featured_media":0,"comment_status":"open","ping_status":"open","sticky":false,"template":"","format":"standard","meta":{"footnotes":""},"categories":[1],"tags":[392,2610,2740,3852],"class_list":["post-1982","post","type-post","status-publish","format-standard","hentry","category-uncategorized","tag-barrack-obama","tag-musique","tag-obama","tag-tony-jazz","has-post-title","has-post-date","has-post-category","has-post-tag","has-post-comment","has-post-author",""],"builder_content":"","_links":{"self":[{"href":"https:\/\/stanetdam.com\/index.php?rest_route=\/wp\/v2\/posts\/1982","targetHints":{"allow":["GET"]}}],"collection":[{"href":"https:\/\/stanetdam.com\/index.php?rest_route=\/wp\/v2\/posts"}],"about":[{"href":"https:\/\/stanetdam.com\/index.php?rest_route=\/wp\/v2\/types\/post"}],"author":[{"embeddable":true,"href":"https:\/\/stanetdam.com\/index.php?rest_route=\/wp\/v2\/users\/3"}],"replies":[{"embeddable":true,"href":"https:\/\/stanetdam.com\/index.php?rest_route=%2Fwp%2Fv2%2Fcomments&post=1982"}],"version-history":[{"count":0,"href":"https:\/\/stanetdam.com\/index.php?rest_route=\/wp\/v2\/posts\/1982\/revisions"}],"wp:attachment":[{"href":"https:\/\/stanetdam.com\/index.php?rest_route=%2Fwp%2Fv2%2Fmedia&parent=1982"}],"wp:term":[{"taxonomy":"category","embeddable":true,"href":"https:\/\/stanetdam.com\/index.php?rest_route=%2Fwp%2Fv2%2Fcategories&post=1982"},{"taxonomy":"post_tag","embeddable":true,"href":"https:\/\/stanetdam.com\/index.php?rest_route=%2Fwp%2Fv2%2Ftags&post=1982"}],"curies":[{"name":"wp","href":"https:\/\/api.w.org\/{rel}","templated":true}]}}