{"id":1923,"date":"2009-01-15T01:00:28","date_gmt":"2009-01-15T00:00:28","guid":{"rendered":"http:\/\/www.stanetdam.com\/?p=1923"},"modified":"2009-01-15T01:00:28","modified_gmt":"2009-01-15T00:00:28","slug":"le-crash-test-web-20-de-la-semaine-benoit-hamon","status":"publish","type":"post","link":"https:\/\/stanetdam.com\/?p=1923","title":{"rendered":"Le crash-test web 2.0 de la semaine : Benoit Hamon"},"content":{"rendered":"<p>Une semaine apr\u00e8s <a href=\"http:\/\/fr.readwriteweb.com\/2009\/01\/05\/divers\/frederic-lefebvre-quest-ce-que-le-web-20\/\">Fr\u00e9d\u00e9ric Lefebvre<\/a>, c&rsquo;est Benoit Hamon, porte-parole socialiste, qui se prend les pieds dans le tapis num\u00e9rique tir\u00e9 par Jean-Jacques Bourdin.<\/p>\n<p>\u00ab\u00a0Le web 2.0 ? Heuu&#8230;\u00a0\u00bb (<em>bis repetitat<\/em>).<\/p>\n<p>A croire que les communicants qui entourent les politiques n&rsquo;\u00e9coutent pas les m\u00e9dias, et ne pr\u00e9parent pas leurs passages avec un interviewer plut\u00f4t connu pour aimer les pi\u00e9ger&#8230;<\/p>\n<p style=\"text-align: center;\"><object width=\"420\" height=\"339\" data=\"http:\/\/www.dailymotion.com\/swf\/x80fcn\" type=\"application\/x-shockwave-flash\"><param name=\"allowFullScreen\" value=\"true\" \/><param name=\"allowScriptAccess\" value=\"always\" \/><param name=\"src\" value=\"http:\/\/www.dailymotion.com\/swf\/x80fcn\" \/><param name=\"allowfullscreen\" value=\"true\" \/><\/object><\/p>\n<div id=\"themify_builder_content-1923\" data-postid=\"1923\" class=\"themify_builder_content themify_builder_content-1923 themify_builder\">\n    <\/div>\n<!-- \/themify_builder_content -->\n","protected":false},"excerpt":{"rendered":"<p>Une semaine apr\u00e8s Fr\u00e9d\u00e9ric Lefebvre, c&rsquo;est Benoit Hamon, porte-parole socialiste, qui se prend les pieds dans le tapis num\u00e9rique tir\u00e9 par Jean-Jacques Bourdin. \u00ab\u00a0Le web 2.0 ? Heuu&#8230;\u00a0\u00bb (bis repetitat). A croire que les communicants qui entourent les politiques n&rsquo;\u00e9coutent pas les m\u00e9dias, et ne pr\u00e9parent pas leurs passages avec un interviewer plut\u00f4t connu pour [&hellip;]<\/p>\n","protected":false},"author":3,"featured_media":0,"comment_status":"open","ping_status":"open","sticky":false,"template":"","format":"standard","meta":{"footnotes":""},"categories":[3],"tags":[413,429,519,1450,4126,4128],"class_list":["post-1923","post","type-post","status-publish","format-standard","hentry","category-sd-usages","tag-benoit-hamon","tag-bfm-tv","tag-bourdin","tag-frederic-lefebvre","tag-web","tag-web-20","has-post-title","has-post-date","has-post-category","has-post-tag","has-post-comment","has-post-author",""],"builder_content":"","_links":{"self":[{"href":"https:\/\/stanetdam.com\/index.php?rest_route=\/wp\/v2\/posts\/1923","targetHints":{"allow":["GET"]}}],"collection":[{"href":"https:\/\/stanetdam.com\/index.php?rest_route=\/wp\/v2\/posts"}],"about":[{"href":"https:\/\/stanetdam.com\/index.php?rest_route=\/wp\/v2\/types\/post"}],"author":[{"embeddable":true,"href":"https:\/\/stanetdam.com\/index.php?rest_route=\/wp\/v2\/users\/3"}],"replies":[{"embeddable":true,"href":"https:\/\/stanetdam.com\/index.php?rest_route=%2Fwp%2Fv2%2Fcomments&post=1923"}],"version-history":[{"count":0,"href":"https:\/\/stanetdam.com\/index.php?rest_route=\/wp\/v2\/posts\/1923\/revisions"}],"wp:attachment":[{"href":"https:\/\/stanetdam.com\/index.php?rest_route=%2Fwp%2Fv2%2Fmedia&parent=1923"}],"wp:term":[{"taxonomy":"category","embeddable":true,"href":"https:\/\/stanetdam.com\/index.php?rest_route=%2Fwp%2Fv2%2Fcategories&post=1923"},{"taxonomy":"post_tag","embeddable":true,"href":"https:\/\/stanetdam.com\/index.php?rest_route=%2Fwp%2Fv2%2Ftags&post=1923"}],"curies":[{"name":"wp","href":"https:\/\/api.w.org\/{rel}","templated":true}]}}