{"id":1795,"date":"2009-01-06T23:46:18","date_gmt":"2009-01-06T22:46:18","guid":{"rendered":"http:\/\/www.stanetdam.com\/?p=1795"},"modified":"2009-01-06T23:46:18","modified_gmt":"2009-01-06T22:46:18","slug":"cest-quoi-le-web-20-heuuuu","status":"publish","type":"post","link":"https:\/\/stanetdam.com\/?p=1795","title":{"rendered":"\u00ab\u00a0C&rsquo;est quoi le web 2.0 ? Heuuuu&#8230;\u00a0\u00bb"},"content":{"rendered":"<p>C&rsquo;est, en substance, la r\u00e9ponse de Fr\u00e9d\u00e9ric Lefebvre, pressenti pour succ\u00e9der \u00e0 Eric Besson au poste de secr\u00e9taire d&rsquo;Etat \u00e0 l&rsquo;\u00e9conomie num\u00e9rique. O\u00f9 comment devenir la ris\u00e9e de la blogosph\u00e8re et des entrepreneurs web, dont Pierre Kosciusko-Morizet, fondateur de PriceMinister qui d\u00e9clarait \u00e0 propos de cette nomination potentielle <a href=\"http:\/\/www.lexpress.fr\/actualite\/politique\/lefebvre-secretaire-d-etat-a-l-economie-numerique-une-mauvaise-blague_728574.html\">\u00ab\u00a0Nous esp\u00e9rons que cette rumeur est une mauvaise blague\u00a0\u00bb.<\/a><\/p>\n<p>M. Lefebvre s&rsquo;\u00e9tait notamment illustr\u00e9 \u00e0 l&rsquo;Assembl\u00e9e Nationale par les propos suivants : \u00ab\u00a0L&rsquo;absence de r\u00e9gulation du Net provoque chaque jour des victimes! Combien faudra-t-il de jeunes filles viol\u00e9es pour que les autorit\u00e9s r\u00e9agissent? Combien faudra-t-il de morts suite \u00e0 l&rsquo;absorption de faux m\u00e9dicaments?\u00a0\u00bb. Voil\u00e0 quelqu&rsquo;un qui semble ma\u00eetriser son sujet. Avec \u00ab\u00a0\u00e7a\u00a0\u00bb et Hadopi, on est bien barr\u00e9s&#8230;<\/p>\n<p>Je vous laisse savourer l&rsquo;int\u00e9gralit\u00e9 de la r\u00e9ponse. God bless the Web !<\/p>\n<p style=\"text-align: center;\">[youtube xQF5BJMRQkw]<\/p>\n<div id=\"themify_builder_content-1795\" data-postid=\"1795\" class=\"themify_builder_content themify_builder_content-1795 themify_builder\">\n    <\/div>\n<!-- \/themify_builder_content -->\n","protected":false},"excerpt":{"rendered":"<p>C&rsquo;est, en substance, la r\u00e9ponse de Fr\u00e9d\u00e9ric Lefebvre, pressenti pour succ\u00e9der \u00e0 Eric Besson au poste de secr\u00e9taire d&rsquo;Etat \u00e0 l&rsquo;\u00e9conomie num\u00e9rique. O\u00f9 comment devenir la ris\u00e9e de la blogosph\u00e8re et des entrepreneurs web, dont Pierre Kosciusko-Morizet, fondateur de PriceMinister qui d\u00e9clarait \u00e0 propos de cette nomination potentielle \u00ab\u00a0Nous esp\u00e9rons que cette rumeur est une [&hellip;]<\/p>\n","protected":false},"author":3,"featured_media":0,"comment_status":"open","ping_status":"open","sticky":false,"template":"","format":"standard","meta":{"footnotes":""},"categories":[3],"tags":[1450,3968,4126,4127,4128],"class_list":["post-1795","post","type-post","status-publish","format-standard","hentry","category-sd-usages","tag-frederic-lefebvre","tag-ump","tag-web","tag-web-2","tag-web-20","has-post-title","has-post-date","has-post-category","has-post-tag","has-post-comment","has-post-author",""],"builder_content":"","_links":{"self":[{"href":"https:\/\/stanetdam.com\/index.php?rest_route=\/wp\/v2\/posts\/1795","targetHints":{"allow":["GET"]}}],"collection":[{"href":"https:\/\/stanetdam.com\/index.php?rest_route=\/wp\/v2\/posts"}],"about":[{"href":"https:\/\/stanetdam.com\/index.php?rest_route=\/wp\/v2\/types\/post"}],"author":[{"embeddable":true,"href":"https:\/\/stanetdam.com\/index.php?rest_route=\/wp\/v2\/users\/3"}],"replies":[{"embeddable":true,"href":"https:\/\/stanetdam.com\/index.php?rest_route=%2Fwp%2Fv2%2Fcomments&post=1795"}],"version-history":[{"count":0,"href":"https:\/\/stanetdam.com\/index.php?rest_route=\/wp\/v2\/posts\/1795\/revisions"}],"wp:attachment":[{"href":"https:\/\/stanetdam.com\/index.php?rest_route=%2Fwp%2Fv2%2Fmedia&parent=1795"}],"wp:term":[{"taxonomy":"category","embeddable":true,"href":"https:\/\/stanetdam.com\/index.php?rest_route=%2Fwp%2Fv2%2Fcategories&post=1795"},{"taxonomy":"post_tag","embeddable":true,"href":"https:\/\/stanetdam.com\/index.php?rest_route=%2Fwp%2Fv2%2Ftags&post=1795"}],"curies":[{"name":"wp","href":"https:\/\/api.w.org\/{rel}","templated":true}]}}