{"id":1791,"date":"2009-01-07T11:03:53","date_gmt":"2009-01-07T10:03:53","guid":{"rendered":"http:\/\/www.stanetdam.com\/?p=1791"},"modified":"2009-01-07T11:03:53","modified_gmt":"2009-01-07T10:03:53","slug":"france-televisions-repose-en-pub","status":"publish","type":"post","link":"https:\/\/stanetdam.com\/?p=1791","title":{"rendered":"France televisions : repose en pub"},"content":{"rendered":"<p style=\"text-align: center;\"><img loading=\"lazy\" decoding=\"async\" class=\"aligncenter\" style=\"border: 0pt none;\" src=\"http:\/\/www.numerikids.com\/alpha\/wp-content\/uploads\/2008\/06\/image-publicite.jpg\" border=\"0\" alt=\"\" width=\"371\" height=\"347\" \/><\/p>\n<p>\u00c7a m&rsquo;a fait tout bizarre hier soir quand j&rsquo;ai vu apparaitre les programmes de la soir\u00e9e sur France 2 et France 3 \u00e0 20h35 au lieu de 20h50\/55&#8230; Ca m&rsquo;a rappel\u00e9 quand j&rsquo;\u00e9tais minot et que je regardais la t\u00e9l\u00e9 avant d&rsquo;aller me coucher, puis ce glissement inexorable vers le gouffre de 21h pour cause de tunnels de publicit\u00e9s&#8230; Mais tout cela est bien fini ! Mais savez-vous comment les choses <span style=\"text-decoration: underline;\">auraient pu<\/span> r\u00e9ellement se passer ? Une fois n&rsquo;est pas coutume, Stan&amp;Dam osent le copier-coller int\u00e9gral (oui mais on cite les auteurs donc saypassimal) d&rsquo;un article de <a href=\"http:\/\/www.liberation.fr\/medias\/0101164763-repose-en-pub\" target=\"_blank\" rel=\"noopener noreferrer\">Lib\u00e9ration.fr<\/a> qu&rsquo;il faut savourer dans son int\u00e9gralit\u00e9. Merci \u00e0 Rapha\u00ebl Garrigos et Isabelle Roberts pour leurs talents de prospectivistes !<\/p>\n<p><!--more--><em>&lt;texte original issu de Lib\u00e9ration.fr&gt;<\/em><\/p>\n<div class=\"articleContent\">\n<p>Frottez votre <em>Lib\u00e9ration<\/em> en pronon\u00e7ant la formule magique : \u00abSupersarkocoupelapubthierrylafrondeauth\u00e9\u00e2trecesoireu.\u00bb Et hop, vous avez fait un bond de 77\u00a0jours dans le temps, coup\u00e9 au d\u00e9bat parlementaire sur la loi sur l\u2019audiovisuel (on s\u2019y est \u00e9charp\u00e9 s\u00e9v\u00e8re) qui a \u00e9t\u00e9 promulgu\u00e9e in extremis, et zimboum, vous voil\u00e0 le 5\u00a0janvier 2009, il est 19 h 57. Dans trois minutes, la pub s\u2019\u00e9vanouira des \u00e9crans publics.<\/p>\n<p class=\"inter\">19 h 58, France T\u00e9l\u00e9visions<\/p>\n<p>Sur la Trois, Audrey Pulvar cl\u00f4t son <em>19\/20 <\/em>: <em>\u00abEt vous retrouvez imm\u00e9diatement Tout le sport, sur France\u00a03, votre cha\u00eene ni pub, ni soumise.\u00bb<\/em> Petite insolente, va. Et c\u2019est parti pour les derni\u00e8res pubs de la journ\u00e9e, les plus ch\u00e8res, parmi lesquelles la campagne Rolex : <em>\u00abLa montre du Pr\u00e9sident vous donne rendez-vous sur TF1 pour de nouvelles r\u00e9clames.\u00bb<\/em> C\u2019est d\u2019un go\u00fbt.<\/p>\n<p class=\"inter\">20 h, France 3<\/p>\n<p>\u00c7a y est, la t\u00e9l\u00e9 publique est d\u00e9gag\u00e9e du carcan normatif de\u00a0l\u2019audience et va pouvoir d\u00e9ployer sa diff\u00e9rence chamarr\u00e9e. Ce cri lib\u00e9rateur r\u00e9sonne sur\u00a0France\u00a03 : <em>\u00abD\u00e9cathlon, \u00e0 fond la forme, vous pr\u00e9sente Tout le sport\u00bb<\/em>.<\/p>\n<p>Ah, c\u2019est vrai que France T\u00e9l\u00e9visions conserve les parrainages d\u2019\u00e9mission.<\/p>\n<p class=\"inter\">20 h 02, JT de M6<\/p>\n<p><em>\u00abUn python g\u00e9ant \u00e9chapp\u00e9 du zoo de Vincennes\u00bb,<\/em> c\u2019est le second titre de <em>20\u00a0Minutes, <\/em>le journal que M6 inaugure ce soir, con\u00e7u avec le quotidien gratuit (un deal en or : les journalistes de <em>20 Minutes <\/em>font les sujets et M6 les diffuse). Le JT de la Six s\u2019est ouvert \u00e0 19 h 50 sur la fin de la pub sur France T\u00e9l\u00e9visions et la taxe de 3 % dont les cha\u00eenes priv\u00e9es refusent de s\u2019acquitter. Une taxe <em>\u00abinique\u00bb,<\/em> selon le patron de la Six, Nicolas de Tavernost, interview\u00e9 par Harry Roselmack. Ah oui, Harry a c\u00e9d\u00e9 aux sir\u00e8nes de M6.<\/p>\n<p class=\"inter\">20 h 04, JT de France 2<\/p>\n<p>Christine Albanel, les yeux plant\u00e9s dans le prompteur, \u00e2nonne : <em>\u00abUne nouvelle t\u00e9l\u00e9vision plus libre, plus audacieuse, qui \u00e9veille les esprits aux grands d\u00e9fis de notre temps.\u00bb<\/em> <em>\u00abExceptionnellement\u00bb,<\/em> pr\u00e9cise David Pujadas, c\u2019est la ministre de la Culture qui pr\u00e9sente le journal. Demain, <em>\u00abexceptionnellement\u00bb,<\/em> elle fera la m\u00e9t\u00e9o.<\/p>\n<p class=\"inter\">20 h 14, JT de TF1<\/p>\n<p><em>\u00abComprenez-moi bien, Laurence Ferrari, moi, chuis comme les Fran\u00e7ais, et les Fran\u00e7ais, Laurence Ferrari, ils en ont marre de voir la publicit\u00e9 sur le service public.\u00bb<\/em> Oui, Nicolas Sarkozy a choisi TF1 pour commenter sa r\u00e9forme de l\u2019audiovisuel.<\/p>\n<p class=\"inter\">20 h 17, \u00abPlus belle la vie\u00bb<\/p>\n<p>D\u00e9j\u00e0 sept minutes de fusillade depuis le g\u00e9n\u00e9rique du feuilleton marseillais de France\u00a03, sponsoris\u00e9 par les engrais Fertilig\u00e8ne. D\u00e9sormais diffus\u00e9 \u00e0 20 h 10, <em>Plus belle la vie <\/em>a \u00e9t\u00e9 muscl\u00e9 en pr\u00e9vision de l\u2019arr\u00eat de la pub : Roland, devenu fada suite \u00e0 son changement de sexe, est en train de canarder tout le quartier du Panier.<\/p>\n<p class=\"inter\">20 h 19, \u00abKaamelott\u00bb, M6<\/p>\n<p>De la pub, du <em>Kaamelott<\/em>, de la pub, du <em>Cam\u00e9ra caf\u00e9<\/em>, et encore de la pub, voil\u00e0 le club-sandwich de M6 depuis 20 h 10 et la fin de son <em>20\u00a0Minutes<\/em>. Car depuis la loi et l\u2019augmentation du volume de pub sur les cha\u00eenes priv\u00e9es, TF1 et M6 ont bien du mal \u00e0 caser toutes leurs r\u00e9clames.<\/p>\n<p class=\"inter\">20 h 35, France T\u00e9l\u00e9visions<\/p>\n<p>C\u2019est <em>now<\/em>, la grande r\u00e9volution : la t\u00e9l\u00e9 publique d\u00e9marre son prime-time vingt minutes avant la concurrence. Enfin, sauf M6 qui s\u2019est cal\u00e9e sur le m\u00eame horaire. Sur les cha\u00eenes publiques, consigne a \u00e9t\u00e9 pass\u00e9e de mettre le paquet. La Trois a donc laiss\u00e9 de c\u00f4t\u00e9 sa Mireille Dumas du lundi soir et ses confessions de stars d\u00e9fra\u00eechies pour un documentaire de qualit\u00e9 sur des d\u00e9linquantes mineures. En plus, sur un malentendu, le titre peut ramener du monde : <em>Centres sp\u00e9ciaux pour jeunes filles rebelles<\/em>. France\u00a04 poursuit son <em>Questions de g\u00e9n\u00e9ration,<\/em> o\u00f9 des lyc\u00e9ens font office de r\u00e9dacteurs en chef. Nouveaut\u00e9 : vu le budget, les lyc\u00e9ens sont aussi cadreurs, preneurs de son, monteurs, \u00e9clairagistes. Et pr\u00e9sentateurs : Samuel Etienne a \u00e9t\u00e9 vir\u00e9, trop cher. Chez France\u00a05, on programme un <em>C\u00a0dans l\u2019air<\/em> sp\u00e9cial : \u00abFrance T\u00e9l\u00e9visions face \u00e0 ses juges, le public\u00bb. Quant \u00e0 France\u00a02, point de <em>Cold Case, <\/em>mais ils font tr\u00e8s fort. Trois coups retentissent, un rideau se l\u00e8ve : c\u2019est <em>Au th\u00e9\u00e2tre ce soir : Thierry la Fronde<\/em>. Un concept r\u00e9unissant les go\u00fbts t\u00e9l\u00e9visuels du Pr\u00e9sident : diffus\u00e9e en direct depuis le hall de France T\u00e9l\u00e9visions et retransmise simultan\u00e9ment sur le Web et le t\u00e9l\u00e9phone portable (le m\u00e9dia global, en somme), la pi\u00e8ce est interpr\u00e9t\u00e9e par d\u2019anciens salari\u00e9s de la r\u00e9gie publicitaire. C\u2019est astucieux.<\/p>\n<p class=\"inter\">20 h 36, JT de TF1<\/p>\n<p><em>\u00abLes Fran\u00e7ais, Laurence Ferrari, ils en peuvent plus de la publicit\u00e9 sur France T\u00e9l\u00e9visions, ils sont comme moi, les Fran\u00e7ais.\u00bb<\/em> Sarkozy, m\u00eame en boucle, \u00e7a attire le badaud. Ils sont 15\u00a0millions \u00e0 le regarder dans un JT rallong\u00e9 par ces rus\u00e9s de TF1 pour ne pas que les t\u00e9l\u00e9spectateurs se fassent la malle sur France T\u00e9l\u00e9visions.<em> En r\u00e9gie, les patrons de la Une, Nonce Paolini et Martin Bouygues, font sauter les bouchons.<\/em><\/p>\n<p class=\"inter\">20 h 42, blog de Jean-Marc Morandini<\/p>\n<p>Un placard rouge saute au visage de l\u2019internaute : <em>\u00abEXCLUSIF : regardez la 1<sup>re<\/sup> vid\u00e9o de France\u00a02 sans pub.\u00bb<\/em> On clique, rien. Normal.<\/p>\n<p class=\"inter\">20 h 55, \u00abJos\u00e9phine ange-gardien\u00bb<\/p>\n<p><em>\u00abTiens, plut\u00f4t que me t\u00e9l\u00e9porter<\/em>, s\u2019\u00e9crie Mimie Mathy, <em>je vais prendre ma Twingo, car ma Twingo, c\u2019est mon ange-gardien \u00e0 moi.\u00bb<\/em> Un peu lourd, ce placement de produit qu\u2019autorise la loi.<\/p>\n<p class=\"inter\">22 h 15, deuxi\u00e8me coupure pub sur TF1<\/p>\n<p>Encore une avanc\u00e9e l\u00e9gislative qu\u2019appr\u00e9cieront les incontinents, cette deuxi\u00e8me coupure\u2026 Au m\u00eame moment, <em>Au th\u00e9\u00e2tre ce soir : Thierry la Fronde<\/em> se termine sur France\u00a02 et laisse tout de suite place \u00e0 \u00abl\u2019amendement Strindberg\u00bb. Il s\u2019agit d\u2019un article du porte-parole de l\u2019UMP Fr\u00e9d\u00e9ric Lefebvre obligeant France\u00a02 \u00e0 diffuser des extraits de pi\u00e8ces de Strindberg pendant la pub de TF1. Et ce, dit la loi, <em>\u00abpour \u00e9viter toute concurrence d\u00e9loyale au d\u00e9triment de la constitution de grands groupes de communication\u00bb<\/em>.<\/p>\n<p class=\"inter\">22 h 38, Direct\u00a08<\/p>\n<p>Une cam\u00e9ra automatique de Direct\u00a08 surprend Vincent Bollor\u00e9 allumant un tr\u00e8s tr\u00e8s gros cigare. Il a d\u00fb supprimer quatre heures d\u2019\u00e9missions par jour pour accueillir toute la pub.<\/p>\n<p class=\"inter\">23 h 37, blog de Renaud Revel<\/p>\n<p>Le journaliste de <em>l\u2019Express <\/em>a d\u00een\u00e9 avec Patrick Le Lay : <em>\u00abLangoustines royales aux deux fa\u00e7ons ! Patrick Le Lay sait recevoir. Incisif et le verbe haut, l\u2019ancien commodore de TF1 n\u2019a rien perdu de sa superbe. Il me confie ceci : \u00ab\u00a0Cette suppression de la pub est une connerie, il fallait fermer France\u00a02.\u00a0\u00bb C\u2019est net et carr\u00e9. Et assur\u00e9ment frapp\u00e9 au coin du bon sens.\u00bb<\/em><\/p>\n<p class=\"inter\">Minuit, \u00abCe soir (ou jamais !)\u00bb<\/p>\n<p>Gr\u00e2ce \u00e0 la suppression de la pub, l\u2019\u00e9mission culturelle de France\u00a03 se termine une heure plus t\u00f4t. Fr\u00e9d\u00e9ric Tadd\u00e9i r\u00e9veille Jean-Fran\u00e7ois Cop\u00e9. Comme il le fit le 22\u00a0octobre dernier pendant l\u2019interview de Raymond Depardon, le d\u00e9put\u00e9 UMP s\u2019est encore endormi sur le plateau. <em>\u00abSoyez moderne, enfin, <\/em>maugr\u00e9e Cop\u00e9,<em> invitez Laurent Gerra.\u00bb Sur les \u00e9crans publics appara\u00eet une mire. Pas d\u2019argent pour d\u2019autres programmes.<\/em><\/p>\n<p class=\"inter\">0 h 04, h\u00f4pital Georges-Pompidou<\/p>\n<p>Patrick de Carolis est admis aux urgences de l\u2019h\u00f4pital tout proche du si\u00e8ge de France T\u00e9l\u00e9visions. Il est tout vert, \u00e9cume de rage et tient des propos incoh\u00e9rents : <em>\u00ab\u2026 rry la Fronde\u2026 compte y est pas\u2026 rkozy\u2026\u00bb<\/em><\/div>\n","protected":false},"excerpt":{"rendered":"<p>\u00c7a m&rsquo;a fait tout bizarre hier soir quand j&rsquo;ai vu apparaitre les programmes de la soir\u00e9e sur France 2 et France 3 \u00e0 20h35 au lieu de 20h50\/55&#8230; Ca m&rsquo;a rappel\u00e9 quand j&rsquo;\u00e9tais minot et que je regardais la t\u00e9l\u00e9 avant d&rsquo;aller me coucher, puis ce glissement inexorable vers le gouffre de 21h pour cause [&hellip;]<\/p>\n","protected":false},"author":3,"featured_media":0,"comment_status":"open","ping_status":"open","sticky":false,"template":"","format":"standard","meta":{"footnotes":""},"categories":[3],"tags":[1429,1431,1437,3129,3131,3771,3930],"class_list":["post-1791","post","type-post","status-publish","format-standard","hentry","category-sd-usages","tag-france-2","tag-france-3","tag-france-televisions","tag-pub","tag-publicite","tag-television","tag-tv","has-post-title","has-post-date","has-post-category","has-post-tag","has-post-comment","has-post-author",""],"builder_content":"","_links":{"self":[{"href":"https:\/\/stanetdam.com\/index.php?rest_route=\/wp\/v2\/posts\/1791","targetHints":{"allow":["GET"]}}],"collection":[{"href":"https:\/\/stanetdam.com\/index.php?rest_route=\/wp\/v2\/posts"}],"about":[{"href":"https:\/\/stanetdam.com\/index.php?rest_route=\/wp\/v2\/types\/post"}],"author":[{"embeddable":true,"href":"https:\/\/stanetdam.com\/index.php?rest_route=\/wp\/v2\/users\/3"}],"replies":[{"embeddable":true,"href":"https:\/\/stanetdam.com\/index.php?rest_route=%2Fwp%2Fv2%2Fcomments&post=1791"}],"version-history":[{"count":0,"href":"https:\/\/stanetdam.com\/index.php?rest_route=\/wp\/v2\/posts\/1791\/revisions"}],"wp:attachment":[{"href":"https:\/\/stanetdam.com\/index.php?rest_route=%2Fwp%2Fv2%2Fmedia&parent=1791"}],"wp:term":[{"taxonomy":"category","embeddable":true,"href":"https:\/\/stanetdam.com\/index.php?rest_route=%2Fwp%2Fv2%2Fcategories&post=1791"},{"taxonomy":"post_tag","embeddable":true,"href":"https:\/\/stanetdam.com\/index.php?rest_route=%2Fwp%2Fv2%2Ftags&post=1791"}],"curies":[{"name":"wp","href":"https:\/\/api.w.org\/{rel}","templated":true}]}}