{"id":1761,"date":"2009-01-03T08:10:46","date_gmt":"2009-01-03T07:10:46","guid":{"rendered":"http:\/\/www.stanetdam.com\/?p=1761"},"modified":"2009-01-03T08:10:46","modified_gmt":"2009-01-03T07:10:46","slug":"comment-afficher-limage-dun-macbook-pro-sur-une-tele","status":"publish","type":"post","link":"https:\/\/stanetdam.com\/?p=1761","title":{"rendered":"Comment afficher l&rsquo;image d&rsquo;un MacBook (pro) sur une t\u00e9l\u00e9 ?"},"content":{"rendered":"<p style=\"text-align: center;\"><img loading=\"lazy\" decoding=\"async\" class=\"aligncenter\" style=\"border: 0pt none;\" src=\"http:\/\/files.macbidouille.com\/news\/200810\/macbook_con.png\" border=\"0\" alt=\"\" width=\"550\" height=\"220\" \/><\/p>\n<p>Question simple en apparence que nous a pos\u00e9 notre amie <a href=\"http:\/\/www.ziki.com\/fr\/delphinebatton+75975\" target=\"_blank\" rel=\"noopener noreferrer\">Delphine<\/a>, grande pr\u00eatresse de m\u00e9thodes cr\u00e9atives et actrice confirm\u00e9e (si si c&rsquo;est possible de faire les deux \u00e0 la fois). Mais en fait c&rsquo;est pas si facile, <a href=\"http:\/\/www.deezer.com\/track\/67\" target=\"_blank\" rel=\"noopener noreferrer\">comme le dit la chanson<\/a>.<\/p>\n<p>Donc pour r\u00e9sumer : jusqu&rsquo;\u00e0 pr\u00e9sent les portables de la firme \u00e0 la Pomme avaient un connecteur Mini DVI auquel il fallait adjoindre <a href=\"http:\/\/store.apple.com\/fr\/product\/M9319G\/A?fnode=MTY1NDA3Ng&amp;mco=MjI0MjA2Mw\" target=\"_blank\" rel=\"noopener noreferrer\">un adaptateur video cinch<\/a> (sous savez, les prises jaune\/rouge\/blanche) pour sortir l&rsquo;image sur une t\u00e9l\u00e9vision.<\/p>\n<p>Les nouveaux MacBook (pro) et Air ont un connecteur \u00ab\u00a0made in Apple\u00a0\u00bb d\u00e9nomm\u00e9 MiniDisplay port, qui pr\u00e9sentent un souci : il n&rsquo;y a plus de c\u00e2ble adaptateur permettant de sortir le signal vid\u00e9o sur autre chose qu&rsquo;un \u00e9cran vid\u00e9o ou \u00e9quip\u00e9 d&rsquo;une prise VGA. Oubli\u00e9 vieilles t\u00e9l\u00e9visions \u00e9quip\u00e9es de ports Cinch ou P\u00e9ritel ! Du Apple pur jus&#8230;<\/p>\n<p>Donc, que faire? Apr\u00e8s quelques recherches, et sachant que ces nouveaux portables sont fournis avec un adaptateur MiniDisplay &#8211; VGA,\u00a0 j&rsquo;ai trouv\u00e9 ces deux c\u00e2bles qui devraient pouvoir faire l&rsquo;affaire\u00a0 :<\/p>\n<p>&#8211; l&rsquo;un permettant de faire <a href=\"http:\/\/cgi.ebay.fr\/Kabel-Adapter-VGA-zu-S-Video-S-VHS-und-3X-Cinch-RCA-TV_W0QQitemZ360106712759QQcmdZViewItemQQptZDE_Technik_Computerzubeh%C3%B6r_Kabel_Adapter?hash=item360106712759&amp;_trksid=p3286.c0.m14&amp;_trkparms=72%3A1526|66%3A2|65%3A12|39%3A1|240%3A1318\" target=\"_blank\" rel=\"noopener noreferrer\">une sortie VGA &#8211; Cinch<\/a>,<\/p>\n<p>&#8211; l&rsquo;autre permettant <a href=\"http:\/\/cgi.ebay.fr\/CABLE-PERITEL-OUT-SORTIE-VGA-IN-ENTREE-5-m_W0QQitemZ170290481727QQcmdZViewItemQQptZFR_LC_Informatique_Connectiques?hash=item170290481727&amp;_trksid=p3286.c0.m14&amp;_trkparms=72%3A1526|66%3A2|65%3A12|39%3A1|240%3A1318\" target=\"_blank\" rel=\"noopener noreferrer\">une connectivit\u00e9 VGA &#8211; P\u00e9ritel<\/a>.<\/p>\n<p>Normalement, \u00e7a devrait marcher&#8230; C&rsquo;est donc notre conseil. Mais en avez vous un autre \u00e0 lui donner ? Serais-je pass\u00e9 \u00e0 c\u00f4t\u00e9 d&rsquo;une solution plus simple ?<\/p>\n<div id=\"themify_builder_content-1761\" data-postid=\"1761\" class=\"themify_builder_content themify_builder_content-1761 themify_builder\">\n    <\/div>\n<!-- \/themify_builder_content -->\n","protected":false},"excerpt":{"rendered":"<p>Question simple en apparence que nous a pos\u00e9 notre amie Delphine, grande pr\u00eatresse de m\u00e9thodes cr\u00e9atives et actrice confirm\u00e9e (si si c&rsquo;est possible de faire les deux \u00e0 la fois). Mais en fait c&rsquo;est pas si facile, comme le dit la chanson. Donc pour r\u00e9sumer : jusqu&rsquo;\u00e0 pr\u00e9sent les portables de la firme \u00e0 la [&hellip;]<\/p>\n","protected":false},"author":3,"featured_media":0,"comment_status":"open","ping_status":"open","sticky":false,"template":"","format":"standard","meta":{"footnotes":""},"categories":[9],"tags":[841,1122,2303,2304,2478,4027,4030],"class_list":["post-1761","post","type-post","status-publish","format-standard","hentry","category-sd-techlounge","tag-connectivite","tag-dvi","tag-macbook","tag-macbook-air","tag-mini-display-port","tag-vga","tag-video","has-post-title","has-post-date","has-post-category","has-post-tag","has-post-comment","has-post-author",""],"builder_content":"","_links":{"self":[{"href":"https:\/\/stanetdam.com\/index.php?rest_route=\/wp\/v2\/posts\/1761","targetHints":{"allow":["GET"]}}],"collection":[{"href":"https:\/\/stanetdam.com\/index.php?rest_route=\/wp\/v2\/posts"}],"about":[{"href":"https:\/\/stanetdam.com\/index.php?rest_route=\/wp\/v2\/types\/post"}],"author":[{"embeddable":true,"href":"https:\/\/stanetdam.com\/index.php?rest_route=\/wp\/v2\/users\/3"}],"replies":[{"embeddable":true,"href":"https:\/\/stanetdam.com\/index.php?rest_route=%2Fwp%2Fv2%2Fcomments&post=1761"}],"version-history":[{"count":0,"href":"https:\/\/stanetdam.com\/index.php?rest_route=\/wp\/v2\/posts\/1761\/revisions"}],"wp:attachment":[{"href":"https:\/\/stanetdam.com\/index.php?rest_route=%2Fwp%2Fv2%2Fmedia&parent=1761"}],"wp:term":[{"taxonomy":"category","embeddable":true,"href":"https:\/\/stanetdam.com\/index.php?rest_route=%2Fwp%2Fv2%2Fcategories&post=1761"},{"taxonomy":"post_tag","embeddable":true,"href":"https:\/\/stanetdam.com\/index.php?rest_route=%2Fwp%2Fv2%2Ftags&post=1761"}],"curies":[{"name":"wp","href":"https:\/\/api.w.org\/{rel}","templated":true}]}}