{"id":1296,"date":"2008-10-08T16:01:50","date_gmt":"2008-10-08T14:01:50","guid":{"rendered":"http:\/\/www.stanetdam.com\/?p=1296"},"modified":"2008-10-08T16:01:50","modified_gmt":"2008-10-08T14:01:50","slug":"lun-des-fondateurs-de-facebook-sen-va","status":"publish","type":"post","link":"https:\/\/stanetdam.com\/?p=1296","title":{"rendered":"L&rsquo;un des fondateurs de Facebook s&rsquo;en va"},"content":{"rendered":"<p><em>(copi\u00e9 coll\u00e9 de l&rsquo;article de <a href=\"http:\/\/www.vnunet.fr\/news\/l_un_des_co_fondateurs_de_facebook_lache_les_commandes-2028906\" target=\"_blank\" rel=\"noopener noreferrer\">VnuNet<\/a>. Faut le voir comme un hommage, il est simple et concis, j&rsquo;aurais pas fait mieux).<\/em><\/p>\n<figure style=\"width: 260px\" class=\"wp-caption aligncenter\"><img loading=\"lazy\" decoding=\"async\" src=\"http:\/\/images.huffingtonpost.com\/gen\/19779\/thumbs\/s-FACEBOOK-FEUD-large.jpg\" alt=\"Cest pas lui, cest lautre\" width=\"260\" height=\"190\" \/><figcaption class=\"wp-caption-text\">C&#39;est pas lui, c&#39;est l&#39;autre<\/figcaption><\/figure>\n<p>Dustin Moskovitz, l&rsquo;un des deux co-fondateurs de Facebook avec Mark Zuckerberg, va quitter la soci\u00e9t\u00e9 prochainement pour se consacrer \u00e0 un nouveau projet de services Internet.<em> \u00ab\u00a0Une prolongation naturelle du produit et du but poursuivi par Facebook\u00a0\u00bb<\/em>, assure l&rsquo;int\u00e9ress\u00e9.<\/p>\n<p>Dans la foul\u00e9e, Justin Rosenstein, l&rsquo;un des principaux ing\u00e9nieurs de Facebook (il dispose du titre de technical lead for Facebook Pages et Facebook Beacon) et ancien chef produit chez Google, quitte aussi la soci\u00e9t\u00e9 pour \u00e9pauler Dustin Moskovitz dans cette nouvelle aventure professionnelle.<\/p>\n<p>Point commun entre les trois protagonistes : ils se sont retrouv\u00e9s \u00e0 l&rsquo;universit\u00e9 Harvard situ\u00e9e \u00e0 Cambridge (Massachusetts). C&rsquo;est le point de d\u00e9part de la \u00ab\u00a0success story\u00a0\u00bb Facebook en 2004 pr\u00e9curseur de la vague \u00ab\u00a0Web 2.0\u00a0\u00bb. Depuis, Facebook a explos\u00e9 avec 110 millions de comptes actifs sur le r\u00e9seau social et des investisseurs de renom comme Microsoft et des fonds de capital-risque (Accel Partners et Greylock Partners). La soci\u00e9t\u00e9, qui a r\u00e9cemment \u00e9tabli son si\u00e8ge international \u00e0 Dublin, dispose d&rsquo;un effectif de 600 personnes dans le monde.<\/p>\n<p>Mark Zuckerberg va rester au commande de Facebook tandis que Dustin Moskovitz devrait devenir un simple conseiller. Un fondateur qui part et un pionnier de l&rsquo;Internet qui arrive. Fin juin, Marc Andreessen a rejoint le conseil d&rsquo;administration de Facebook. Connu en tant que co-fondateur du navigateur Netscape dans les ann\u00e9es 90, il dispose d\u00e9sormais d&rsquo;une casquette d&rsquo;entrepreneurs (avec le \u00ab\u00a0r\u00e9seau social\u00a0\u00bb en marque blanche Ning.com) et d&rsquo;investisseurs IT.<\/p>\n<div id=\"themify_builder_content-1296\" data-postid=\"1296\" class=\"themify_builder_content themify_builder_content-1296 themify_builder\">\n    <\/div>\n<!-- \/themify_builder_content -->\n","protected":false},"excerpt":{"rendered":"<p>(copi\u00e9 coll\u00e9 de l&rsquo;article de VnuNet. Faut le voir comme un hommage, il est simple et concis, j&rsquo;aurais pas fait mieux). Dustin Moskovitz, l&rsquo;un des deux co-fondateurs de Facebook avec Mark Zuckerberg, va quitter la soci\u00e9t\u00e9 prochainement pour se consacrer \u00e0 un nouveau projet de services Internet. \u00ab\u00a0Une prolongation naturelle du produit et du but [&hellip;]<\/p>\n","protected":false},"author":3,"featured_media":0,"comment_status":"open","ping_status":"open","sticky":false,"template":"","format":"standard","meta":{"footnotes":""},"categories":[1],"tags":[1295,3242,4126],"class_list":["post-1296","post","type-post","status-publish","format-standard","hentry","category-uncategorized","tag-facebook","tag-reseaux-sociaux","tag-web","has-post-title","has-post-date","has-post-category","has-post-tag","has-post-comment","has-post-author",""],"builder_content":"","_links":{"self":[{"href":"https:\/\/stanetdam.com\/index.php?rest_route=\/wp\/v2\/posts\/1296","targetHints":{"allow":["GET"]}}],"collection":[{"href":"https:\/\/stanetdam.com\/index.php?rest_route=\/wp\/v2\/posts"}],"about":[{"href":"https:\/\/stanetdam.com\/index.php?rest_route=\/wp\/v2\/types\/post"}],"author":[{"embeddable":true,"href":"https:\/\/stanetdam.com\/index.php?rest_route=\/wp\/v2\/users\/3"}],"replies":[{"embeddable":true,"href":"https:\/\/stanetdam.com\/index.php?rest_route=%2Fwp%2Fv2%2Fcomments&post=1296"}],"version-history":[{"count":0,"href":"https:\/\/stanetdam.com\/index.php?rest_route=\/wp\/v2\/posts\/1296\/revisions"}],"wp:attachment":[{"href":"https:\/\/stanetdam.com\/index.php?rest_route=%2Fwp%2Fv2%2Fmedia&parent=1296"}],"wp:term":[{"taxonomy":"category","embeddable":true,"href":"https:\/\/stanetdam.com\/index.php?rest_route=%2Fwp%2Fv2%2Fcategories&post=1296"},{"taxonomy":"post_tag","embeddable":true,"href":"https:\/\/stanetdam.com\/index.php?rest_route=%2Fwp%2Fv2%2Ftags&post=1296"}],"curies":[{"name":"wp","href":"https:\/\/api.w.org\/{rel}","templated":true}]}}