{"id":1186,"date":"2008-09-26T18:33:27","date_gmt":"2008-09-26T16:33:27","guid":{"rendered":"http:\/\/www.stanetdam.com\/?p=1186"},"modified":"2008-09-26T18:33:27","modified_gmt":"2008-09-26T16:33:27","slug":"web2-expo-a-new-york-petit-resume","status":"publish","type":"post","link":"https:\/\/stanetdam.com\/?p=1186","title":{"rendered":"Web2 Expo \u00e0 New-York : l&rsquo;essentiel \u00e0 retenir"},"content":{"rendered":"<p>Elle avait lieu du 16 au 19 septembre \u00e0 New-York, et c&rsquo;est <a href=\"http:\/\/www.mikiane.com\" target=\"_blank\" rel=\"noopener noreferrer\">Michel L\u00e9vy-Provencal<\/a> de France 24 qui nous fait sa synth\u00e8se en quelques <em>slides <\/em>powerpoint.<\/p>\n<p style=\"text-align: center;\"><object classid=\"clsid:d27cdb6e-ae6d-11cf-96b8-444553540000\" width=\"425\" height=\"355\" codebase=\"http:\/\/download.macromedia.com\/pub\/shockwave\/cabs\/flash\/swflash.cab#version=6,0,40,0\"><param name=\"allowFullScreen\" value=\"true\" \/><param name=\"allowScriptAccess\" value=\"always\" \/><param name=\"src\" value=\"http:\/\/static.slideshare.net\/swf\/ssplayer2.swf?doc=web2generic-1222445505541959-8&amp;stripped_title=web-20-nyc-expo-conclusions-presentation\" \/><embed type=\"application\/x-shockwave-flash\" width=\"425\" height=\"355\" src=\"http:\/\/static.slideshare.net\/swf\/ssplayer2.swf?doc=web2generic-1222445505541959-8&amp;stripped_title=web-20-nyc-expo-conclusions-presentation\" allowscriptaccess=\"always\" allowfullscreen=\"true\"><\/embed><\/object><\/p>\n<p><img loading=\"lazy\" decoding=\"async\" style=\"visibility: hidden; width: 0px; height: 0px;\" src=\"http:\/\/counters.gigya.com\/wildfire\/IMP\/CXNID=2000002.0NXC\/bT*xJmx*PTEyMjI*NDY1MDQ4NDkmcHQ9MTIyMjQ*NjUyNTQxMiZwPTEwMTkxJmQ9Jm49Jmc9MiZ*PSZvPThjZWYyNGViMTVkZTQ4ZjI4M2MwNTYyNzZmZDAxMDE2.gif\" border=\"0\" alt=\"\" width=\"0\" height=\"0\" \/><\/p>\n<div id=\"themify_builder_content-1186\" data-postid=\"1186\" class=\"themify_builder_content themify_builder_content-1186 themify_builder\">\n    <\/div>\n<!-- \/themify_builder_content -->\n","protected":false},"excerpt":{"rendered":"<p>Elle avait lieu du 16 au 19 septembre \u00e0 New-York, et c&rsquo;est Michel L\u00e9vy-Provencal de France 24 qui nous fait sa synth\u00e8se en quelques slides powerpoint.<\/p>\n","protected":false},"author":3,"featured_media":0,"comment_status":"open","ping_status":"open","sticky":false,"template":"","format":"standard","meta":{"footnotes":""},"categories":[4],"tags":[1867,4127,4128,4129],"class_list":["post-1186","post","type-post","status-publish","format-standard","hentry","category-sd-dossier","tag-internet","tag-web-2","tag-web-20","tag-web-20-expo","has-post-title","has-post-date","has-post-category","has-post-tag","has-post-comment","has-post-author",""],"builder_content":"","_links":{"self":[{"href":"https:\/\/stanetdam.com\/index.php?rest_route=\/wp\/v2\/posts\/1186","targetHints":{"allow":["GET"]}}],"collection":[{"href":"https:\/\/stanetdam.com\/index.php?rest_route=\/wp\/v2\/posts"}],"about":[{"href":"https:\/\/stanetdam.com\/index.php?rest_route=\/wp\/v2\/types\/post"}],"author":[{"embeddable":true,"href":"https:\/\/stanetdam.com\/index.php?rest_route=\/wp\/v2\/users\/3"}],"replies":[{"embeddable":true,"href":"https:\/\/stanetdam.com\/index.php?rest_route=%2Fwp%2Fv2%2Fcomments&post=1186"}],"version-history":[{"count":0,"href":"https:\/\/stanetdam.com\/index.php?rest_route=\/wp\/v2\/posts\/1186\/revisions"}],"wp:attachment":[{"href":"https:\/\/stanetdam.com\/index.php?rest_route=%2Fwp%2Fv2%2Fmedia&parent=1186"}],"wp:term":[{"taxonomy":"category","embeddable":true,"href":"https:\/\/stanetdam.com\/index.php?rest_route=%2Fwp%2Fv2%2Fcategories&post=1186"},{"taxonomy":"post_tag","embeddable":true,"href":"https:\/\/stanetdam.com\/index.php?rest_route=%2Fwp%2Fv2%2Ftags&post=1186"}],"curies":[{"name":"wp","href":"https:\/\/api.w.org\/{rel}","templated":true}]}}