{"id":1172,"date":"2008-09-26T13:13:05","date_gmt":"2008-09-26T11:13:05","guid":{"rendered":"http:\/\/www.stanetdam.com\/?p=1172"},"modified":"2008-09-26T13:13:05","modified_gmt":"2008-09-26T11:13:05","slug":"riposte-graduee-ca-fait-peur","status":"publish","type":"post","link":"https:\/\/stanetdam.com\/?p=1172","title":{"rendered":"RIPOSTE GRADUEE &#8211; ca fait peur !"},"content":{"rendered":"<p><a href=\"http:\/\/www.numerama.com\/magazine\/10723-Christine-Albanel-fait-elle-de-la-gonflette-avec-les-chiffres.html\" target=\"_blank\" rel=\"noopener noreferrer\">Christine Albanel fait-elle de la gonflette avec les chiffres ?<\/a><\/p>\n<p><a href=\"http:\/\/www.numerama.com\/magazine\/10724-L-UMP-demande-d-inscrire-d-urgence-la-riposte-graduee-a-l-ordre-du-jour.html\" target=\"_blank\" rel=\"noopener noreferrer\">L&rsquo;UMP demande d&rsquo;inscrire d&rsquo;urgence la riposte gradu\u00e9e \u00e0 l&rsquo;ordre du jour<\/a><\/p>\n<p><a href=\"http:\/\/www.numerama.com\/magazine\/10725-Guy-Bono-s-etrangle-a-son-tour-et-denonce-des-propos-scandaleux.html\" target=\"_blank\" rel=\"noopener noreferrer\">Guy Bono s&rsquo;\u00e9trangle \u00e0 son tour et d\u00e9nonce des propos \u00ab\u00a0scandaleux\u00a0\u00bb<\/a><\/p>\n<p><a href=\"http:\/\/www.numerama.com\/magazine\/10728-Guy-Bono-repond-a-l-UMP-Non-a-l-Edvige-d-Internet.html\" target=\"_blank\" rel=\"noopener noreferrer\">Guy Bono r\u00e9pond \u00e0 l&rsquo;UMP : \u00ab\u00a0Non \u00e0 l&rsquo;Edvige d&rsquo;Internet\u00a0\u00bb<\/a><\/p>\n<p><a href=\"http:\/\/www.numerama.com\/magazine\/10726-Et-qu-en-pense-le-Nouvel-Observateur-de-Denis-Olivennes.html\" target=\"_blank\" rel=\"noopener noreferrer\">Et qu&rsquo;en pense le Nouvel Observateur de Denis Olivennes ?<\/a><\/p>\n<div id=\"themify_builder_content-1172\" data-postid=\"1172\" class=\"themify_builder_content themify_builder_content-1172 themify_builder\">\n    <\/div>\n<!-- \/themify_builder_content -->\n","protected":false},"excerpt":{"rendered":"<p>Christine Albanel fait-elle de la gonflette avec les chiffres ? L&rsquo;UMP demande d&rsquo;inscrire d&rsquo;urgence la riposte gradu\u00e9e \u00e0 l&rsquo;ordre du jour Guy Bono s&rsquo;\u00e9trangle \u00e0 son tour et d\u00e9nonce des propos \u00ab\u00a0scandaleux\u00a0\u00bb Guy Bono r\u00e9pond \u00e0 l&rsquo;UMP : \u00ab\u00a0Non \u00e0 l&rsquo;Edvige d&rsquo;Internet\u00a0\u00bb Et qu&rsquo;en pense le Nouvel Observateur de Denis Olivennes ?<\/p>\n","protected":false},"author":2,"featured_media":0,"comment_status":"open","ping_status":"open","sticky":false,"template":"","format":"standard","meta":{"footnotes":""},"categories":[3],"tags":[175,1162,1670,2762,3272],"class_list":["post-1172","post","type-post","status-publish","format-standard","hentry","category-sd-usages","tag-albanel","tag-edwige","tag-guy-bono","tag-olivennes","tag-riposte-graduee","has-post-title","has-post-date","has-post-category","has-post-tag","has-post-comment","has-post-author",""],"builder_content":"","_links":{"self":[{"href":"https:\/\/stanetdam.com\/index.php?rest_route=\/wp\/v2\/posts\/1172","targetHints":{"allow":["GET"]}}],"collection":[{"href":"https:\/\/stanetdam.com\/index.php?rest_route=\/wp\/v2\/posts"}],"about":[{"href":"https:\/\/stanetdam.com\/index.php?rest_route=\/wp\/v2\/types\/post"}],"author":[{"embeddable":true,"href":"https:\/\/stanetdam.com\/index.php?rest_route=\/wp\/v2\/users\/2"}],"replies":[{"embeddable":true,"href":"https:\/\/stanetdam.com\/index.php?rest_route=%2Fwp%2Fv2%2Fcomments&post=1172"}],"version-history":[{"count":0,"href":"https:\/\/stanetdam.com\/index.php?rest_route=\/wp\/v2\/posts\/1172\/revisions"}],"wp:attachment":[{"href":"https:\/\/stanetdam.com\/index.php?rest_route=%2Fwp%2Fv2%2Fmedia&parent=1172"}],"wp:term":[{"taxonomy":"category","embeddable":true,"href":"https:\/\/stanetdam.com\/index.php?rest_route=%2Fwp%2Fv2%2Fcategories&post=1172"},{"taxonomy":"post_tag","embeddable":true,"href":"https:\/\/stanetdam.com\/index.php?rest_route=%2Fwp%2Fv2%2Ftags&post=1172"}],"curies":[{"name":"wp","href":"https:\/\/api.w.org\/{rel}","templated":true}]}}